{"id":93,"date":"2015-09-02T20:31:54","date_gmt":"2015-09-02T20:31:54","guid":{"rendered":"https:\/\/jeanfouche.wordpress.com\/?p=93"},"modified":"2016-09-01T16:55:13","modified_gmt":"2016-09-01T13:55:13","slug":"de-la-chair-a-canon-bon-marche","status":"publish","type":"post","link":"https:\/\/rusreinfo.ru\/fr\/2015\/09\/de-la-chair-a-canon-bon-marche\/","title":{"rendered":"De la chair \u00e0 canon bon march\u00e9!"},"content":{"rendered":"<p><a href=\"https:\/\/jeanfouche.files.wordpress.com\/2015\/09\/invasion-640x427.jpg\"><img loading=\"lazy\" decoding=\"async\" class=\"size-medium wp-image-94 alignleft\" src=\"https:\/\/jeanfouche.files.wordpress.com\/2015\/09\/invasion-640x427.jpg?w=300\" alt=\"invasion-640x427\" width=\"300\" height=\"200\" srcset=\"https:\/\/rusreinfo.ru\/fr\/wp-content\/uploads\/2015\/09\/invasion-640x427.jpg 640w, https:\/\/rusreinfo.ru\/fr\/wp-content\/uploads\/2015\/09\/invasion-640x427-300x200.jpg 300w\" sizes=\"auto, (max-width: 300px) 100vw, 300px\" \/><\/a>Selon certaines informations, les discussions entre hollande, merkel et poroshenko le 24 ao\u00fbt dernier, ont plus port\u00e9 sur les \u00ab\u00a0migrants\u00a0\u00bb que sur la situation en Ukraine. Merkel et son caniche fran\u00e7ais auraient impos\u00e9 \u00e0 poroshenko d&rsquo;accueillir plusieurs dizaines de milliers de ces \u00ab\u00a0migrants\u00a0\u00bb en Ukraine en \u00e9change d&rsquo;un soutien accru \u00e0 Poroshenko, en mauvaise position face \u00e0 l&rsquo;extr\u00e8me-droite ukrainienne. Les services sp\u00e9ciaux allemands et fran\u00e7ais participeraient activement \u00e0 la neutralisation des n\u00e9o-nazis ukrainiens qui ne manqueraient pas de s&rsquo;opposer \u00e0 toute invasion des \u00ab\u00a0migrants\u00a0\u00bb.<\/p>\n<p>Plus int\u00e9ressant encore, ces migrants se verraient offrir un emploi&#8230; dans l&rsquo;arm\u00e9e ukrainienne, en facheuse posture face aux ind\u00e9pendentistes.<\/p>\n<p>De la chair \u00e0 canon \u00e0 bon prix, en fait!<\/p>\n","protected":false},"excerpt":{"rendered":"<div class=\"mh-excerpt\">Selon certaines informations, les discussions entre hollande, merkel et poroshenko le 24 ao\u00fbt dernier, ont plus port\u00e9 sur les \u00ab\u00a0migrants\u00a0\u00bb que sur la situation en Ukraine. Merkel et son caniche <a class=\"mh-excerpt-more\" href=\"https:\/\/rusreinfo.ru\/fr\/2015\/09\/de-la-chair-a-canon-bon-marche\/\" title=\"De la chair \u00e0 canon bon march\u00e9!\">[Suite &#8230;]<\/a><\/div>\n","protected":false},"author":2,"featured_media":94,"comment_status":"open","ping_status":"open","sticky":false,"template":"","format":"standard","meta":{"iawp_total_views":0,"footnotes":""},"categories":[2],"tags":[],"class_list":{"0":"post-93","1":"post","2":"type-post","3":"status-publish","4":"format-standard","5":"has-post-thumbnail","7":"category-editeur"},"_links":{"self":[{"href":"https:\/\/rusreinfo.ru\/fr\/wp-json\/wp\/v2\/posts\/93","targetHints":{"allow":["GET"]}}],"collection":[{"href":"https:\/\/rusreinfo.ru\/fr\/wp-json\/wp\/v2\/posts"}],"about":[{"href":"https:\/\/rusreinfo.ru\/fr\/wp-json\/wp\/v2\/types\/post"}],"author":[{"embeddable":true,"href":"https:\/\/rusreinfo.ru\/fr\/wp-json\/wp\/v2\/users\/2"}],"replies":[{"embeddable":true,"href":"https:\/\/rusreinfo.ru\/fr\/wp-json\/wp\/v2\/comments?post=93"}],"version-history":[{"count":0,"href":"https:\/\/rusreinfo.ru\/fr\/wp-json\/wp\/v2\/posts\/93\/revisions"}],"wp:featuredmedia":[{"embeddable":true,"href":"https:\/\/rusreinfo.ru\/fr\/wp-json\/wp\/v2\/media\/94"}],"wp:attachment":[{"href":"https:\/\/rusreinfo.ru\/fr\/wp-json\/wp\/v2\/media?parent=93"}],"wp:term":[{"taxonomy":"category","embeddable":true,"href":"https:\/\/rusreinfo.ru\/fr\/wp-json\/wp\/v2\/categories?post=93"},{"taxonomy":"post_tag","embeddable":true,"href":"https:\/\/rusreinfo.ru\/fr\/wp-json\/wp\/v2\/tags?post=93"}],"curies":[{"name":"wp","href":"https:\/\/api.w.org\/{rel}","templated":true}]}}