{"id":6198,"date":"2017-07-16T01:39:20","date_gmt":"2017-07-15T22:39:20","guid":{"rendered":"https:\/\/rusreinfo.ru\/fr\/?p=6198"},"modified":"2017-07-19T22:35:40","modified_gmt":"2017-07-19T19:35:40","slug":"ouverture-du-maks-2017-a-moscou","status":"publish","type":"post","link":"https:\/\/rusreinfo.ru\/fr\/2017\/07\/ouverture-du-maks-2017-a-moscou\/","title":{"rendered":"Ouverture du MAKS 2017 \u00e0 Moscou"},"content":{"rendered":"<p><iframe loading=\"lazy\" title=\"\u0421\u0443-35 \u041c\u0410\u041a\u0421 2015\" width=\"500\" height=\"281\" src=\"https:\/\/www.youtube.com\/embed\/9jmZaP1FeHM?feature=oembed\" frameborder=\"0\" allow=\"accelerometer; autoplay; clipboard-write; encrypted-media; gyroscope; picture-in-picture; web-share\" referrerpolicy=\"strict-origin-when-cross-origin\" allowfullscreen><\/iframe><\/p>\n<p>Le MAKS 2017, salon international de l&rsquo;aviation, ouvre mardi \u00e0 Zhukovsky en banlieue de Moscou. Rendez-vous d&rsquo;affaires pour l&rsquo;aviation civile et militaire, de nombreux contrats y sont conclus et des d\u00e9monstrations souvent impressionnantes ont lieu chaque jour. Le week-end prochain les visiteurs seront admis pour un grand meeting a\u00e9rien qui attire \u00e0 chaque \u00e9dition du salon (tous les 2 ans), entre 100.000 et 150.000 visiteurs.<br \/>\nRUSREINFO y sera pr\u00e9sent d\u00e8s mardi 18.<\/p>\n<p>Voici une vid\u00e9o du MAKS 2015, d\u00e9monstration du Sukhoi SU-35C.<\/p>\n<p><img loading=\"lazy\" decoding=\"async\" class=\"alignnone  wp-image-6200\" src=\"https:\/\/rusreinfo.ru\/fr\/wp-content\/uploads\/maks-1.jpg\" alt=\"\" width=\"342\" height=\"531\" srcset=\"https:\/\/rusreinfo.ru\/fr\/wp-content\/uploads\/maks-1.jpg 641w, https:\/\/rusreinfo.ru\/fr\/wp-content\/uploads\/maks-1-193x300.jpg 193w\" sizes=\"auto, (max-width: 342px) 100vw, 342px\" \/><\/p>\n","protected":false},"excerpt":{"rendered":"<div class=\"mh-excerpt\">Le MAKS 2017, salon international de l&rsquo;aviation, ouvre mardi \u00e0 Zhukovsky en banlieue de Moscou. Rendez-vous d&rsquo;affaires pour l&rsquo;aviation civile et militaire, de nombreux contrats y sont conclus et des <a class=\"mh-excerpt-more\" href=\"https:\/\/rusreinfo.ru\/fr\/2017\/07\/ouverture-du-maks-2017-a-moscou\/\" title=\"Ouverture du MAKS 2017 \u00e0 Moscou\">[Suite &#8230;]<\/a><\/div>\n","protected":false},"author":1,"featured_media":6211,"comment_status":"open","ping_status":"open","sticky":false,"template":"","format":"standard","meta":{"iawp_total_views":1,"footnotes":""},"categories":[2],"tags":[],"class_list":{"0":"post-6198","1":"post","2":"type-post","3":"status-publish","4":"format-standard","5":"has-post-thumbnail","7":"category-editeur"},"_links":{"self":[{"href":"https:\/\/rusreinfo.ru\/fr\/wp-json\/wp\/v2\/posts\/6198","targetHints":{"allow":["GET"]}}],"collection":[{"href":"https:\/\/rusreinfo.ru\/fr\/wp-json\/wp\/v2\/posts"}],"about":[{"href":"https:\/\/rusreinfo.ru\/fr\/wp-json\/wp\/v2\/types\/post"}],"author":[{"embeddable":true,"href":"https:\/\/rusreinfo.ru\/fr\/wp-json\/wp\/v2\/users\/1"}],"replies":[{"embeddable":true,"href":"https:\/\/rusreinfo.ru\/fr\/wp-json\/wp\/v2\/comments?post=6198"}],"version-history":[{"count":0,"href":"https:\/\/rusreinfo.ru\/fr\/wp-json\/wp\/v2\/posts\/6198\/revisions"}],"wp:featuredmedia":[{"embeddable":true,"href":"https:\/\/rusreinfo.ru\/fr\/wp-json\/wp\/v2\/media\/6211"}],"wp:attachment":[{"href":"https:\/\/rusreinfo.ru\/fr\/wp-json\/wp\/v2\/media?parent=6198"}],"wp:term":[{"taxonomy":"category","embeddable":true,"href":"https:\/\/rusreinfo.ru\/fr\/wp-json\/wp\/v2\/categories?post=6198"},{"taxonomy":"post_tag","embeddable":true,"href":"https:\/\/rusreinfo.ru\/fr\/wp-json\/wp\/v2\/tags?post=6198"}],"curies":[{"name":"wp","href":"https:\/\/api.w.org\/{rel}","templated":true}]}}