{"id":4593,"date":"2016-09-13T17:54:08","date_gmt":"2016-09-13T14:54:08","guid":{"rendered":"https:\/\/rusreinfo.ru\/fr\/?p=4593"},"modified":"2016-09-15T02:58:30","modified_gmt":"2016-09-14T23:58:30","slug":"la-derive-terroriste-du-regime-de-kiev","status":"publish","type":"post","link":"https:\/\/rusreinfo.ru\/fr\/2016\/09\/la-derive-terroriste-du-regime-de-kiev\/","title":{"rendered":"La d\u00e9rive terroriste du r\u00e9gime de Kiev (Erwan Castel)"},"content":{"rendered":"<p><img loading=\"lazy\" decoding=\"async\" class=\"alignnone size-full wp-image-4594\" src=\"https:\/\/rusreinfo.ru\/fr\/wp-content\/uploads\/1.jpg\" alt=\"1\" width=\"945\" height=\"577\" srcset=\"https:\/\/rusreinfo.ru\/fr\/wp-content\/uploads\/1.jpg 945w, https:\/\/rusreinfo.ru\/fr\/wp-content\/uploads\/1-300x183.jpg 300w, https:\/\/rusreinfo.ru\/fr\/wp-content\/uploads\/1-768x469.jpg 768w\" sizes=\"auto, (max-width: 945px) 100vw, 945px\" \/><\/p>\n<p><em><span style=\"text-decoration: underline;\">Rappel\u00a0<\/span>: Suite au coup d\u2019Etat du Ma\u00efdan en f\u00e9vrier 2014, un r\u00e9gime totalitaire ouvertement russophobe est arriv\u00e9 au pouvoir \u00e0 Kiev, provoquant le retour par r\u00e9f\u00e9rendum de la Crim\u00e9e au sein de la Russie et un soul\u00e8vement s\u00e9paratiste dans le Sud Est qui a donn\u00e9 naissance aux R\u00e9publiques Populaires de Donetsk et Lugansk. Depuis plus de 2 ans, et malgr\u00e9 un processus de paix relanc\u00e9 en f\u00e9vrier 2015 (Minsk 2), la guerre continue dans cette r\u00e9gion du Donbass, sur fond de tensions croissantes entre Washington et Moscou.<\/em><\/p>\n<p>Voici plusieurs mois que le r\u00e9gime de Kiev, tiraill\u00e9 entre les int\u00e9r\u00eats de ses oligarques, les revendications de ses nationalistes radicaux et les ambitions de ses partenaires europ\u00e9ens, pi\u00e9tine sans retenue les accords de paix sign\u00e9s \u00e0 Minsk et en relan\u00e7ant la guerre contre les populations du Donbass, \u00e0 provoquer la Russie et faire oublier son effondrement politico-\u00e9conomique total. Depuis le mois de juin 2016, l\u2019arm\u00e9e ukrainienne, en compl\u00e8te violation avec les accords internationaux, a relanc\u00e9 en crescendo ses attaques contre les R\u00e9publiques de Donetsk et Lugansk par de nouveaux bombardements sur les civils, des reconnaissances offensives sur les lignes de d\u00e9fense r\u00e9publicaines mais aussi par une s\u00e9rie d\u2019attentats et de sabotages\u00a0 qui r\u00e9v\u00e8le la nature terroriste\u00a0 de cette criminelle cyniquement baptis\u00e9e \u00ab\u00a0Op\u00e9ration Anti-Terrroriste\u00a0\u00bb lanc\u00e9e par Kiev.<!--more--><\/p>\n<p>Alors que les bombardements de l\u2019artillerie ukrainienne s\u2019apparentent d\u00e9j\u00e0 souvent \u00e0 des attaques terroristes visant les quartiers r\u00e9sidentiels civils ou les infrastructures de vie collective (h\u00f4pitaux, stations d\u2019eau potable, r\u00e9seaux \u00e9lectrique ou gazier etc\u2026)\u00a0 au cours des derni\u00e8res semaines, et faisant suite \u00e0 l\u2019op\u00e9ration intercept\u00e9e le 7 ao\u00fbt par les services de s\u00e9curit\u00e9 russe en Crim\u00e9e, plusieurs actions terroristes ukrainiennes ont \u00e9t\u00e9 enregistr\u00e9es dans le Donbass dont principalement\u00a0:<\/p>\n<p>&#8211; Le 6 ao\u00fbt, \u00e0 Lugansk, attentat manqu\u00e9 contre le Pr\u00e9sident Igor Plotnisky, qui est bless\u00e9 dans l\u2019explosion.<br \/>\n&#8211; Le 22 ao\u00fbt, \u00e0\u00a0 Donetsk, attentat \u00e0 l\u2019explosif est\u00a0 d\u00e9jou\u00e9 contre le Pr\u00e9sident Alexandre Zakharchenko.<br \/>\n&#8211; Le 25 ao\u00fbt, \u00e0 Donetsk, une bombe explose pr\u00e9matur\u00e9ment tuant 1 homme dans le centre-ville.<br \/>\n&#8211; Le 26 ao\u00fbt, \u00e0 Donetsk, une bombe explose au centre de recrutement de Kirovsky (Ouest de la ville).<br \/>\n&#8211; Le 11 septembre, \u00e0 Donetsk, une bombe explose au commissariat militaire rue Shakhters.<\/p>\n<p>Mais cette semaine, une nouvelle \u00e9tape dans l\u2019escalade (ou plut\u00f4t la descente) terroriste de l\u2019\u00e9tat ki\u00e9vien a \u00e9t\u00e9 rep\u00e9r\u00e9e avec l\u2019arrestation d\u2019un groupe d\u2019adolescents pr\u00e9parant des attentats \u00e0 l\u2019explosif sur le territoire de \u00e0 Donetsk.<\/p>\n<div style=\"width: 640px;\" class=\"wp-video\"><video class=\"wp-video-shortcode\" id=\"video-4593-1\" width=\"640\" height=\"360\" preload=\"metadata\" controls=\"controls\"><source type=\"video\/mp4\" src=\"https:\/\/tvs24.ru\/rusreinfo\/cc-content\/uploads\/h264\/qmitSHOnUVUO7hae0j2n.mp4?_=1\" \/><a href=\"https:\/\/tvs24.ru\/rusreinfo\/cc-content\/uploads\/h264\/qmitSHOnUVUO7hae0j2n.mp4\">https:\/\/tvs24.ru\/rusreinfo\/cc-content\/uploads\/h264\/qmitSHOnUVUO7hae0j2n.mp4<\/a><\/video><\/div>\n<p><strong><span style=\"text-decoration: underline;\">Des adolescents manipul\u00e9s pris au pi\u00e8ge d\u2019une spirale infernale<\/span><\/strong><\/p>\n<p>Le 12 septembre les services de s\u00e9curit\u00e9 de la R\u00e9publique de Donetsk ont annonc\u00e9 l\u2019arrestation de 7 adolescents (Kovalchuk, Belavin, Pazushko, Khmelenko, Solodovnikova, Mironov et Koval) ainsi que de la saisie de nombreux explosifs \u00e0 leurs domiciles.<\/p>\n<p><img loading=\"lazy\" decoding=\"async\" class=\"alignnone size-full wp-image-4595\" src=\"https:\/\/rusreinfo.ru\/fr\/wp-content\/uploads\/3.jpg\" alt=\"3\" width=\"669\" height=\"137\" srcset=\"https:\/\/rusreinfo.ru\/fr\/wp-content\/uploads\/3.jpg 669w, https:\/\/rusreinfo.ru\/fr\/wp-content\/uploads\/3-300x61.jpg 300w\" sizes=\"auto, (max-width: 669px) 100vw, 669px\" \/><\/p>\n<p>Bogdan Kovalchuk un adolescent de Yasinovataya avait \u00e9t\u00e9 recrut\u00e9 par Igor Ritsuko, un agent ukrainien du SBU et qui avait auparavant combattu sur le front du Donbass sous l\u2019indicatif \u00ab\u00a0Almaz\u00a0\u00bb au sein de l\u2019unit\u00e9 ukrainienne n\u00b0 PP3629. Ritsuko avait charg\u00e9 le jeune Kovalchuk de former un groupe charg\u00e9 de commettre des attentats r\u00e9mun\u00e9r\u00e9s (5000 hyrvnas) visant des objectifs civils et militaires de la R\u00e9publique de Donetsk. Pour s\u2019assurer ensuite de leur ob\u00e9issance, les services ukrainiens ont pi\u00e9g\u00e9 les adolescents dans une affaire de contrebande puis en les mena\u00e7ant physiquement mais aussi\u00a0 leurs familles vivant sur le territoire occup\u00e9 par l\u2019arm\u00e9e ukrainienne.<\/p>\n<p>Cette technique d\u2019intimidation via des pressions et des menaces sur les familles vivant du c\u00f4t\u00e9 ukrainien est un usage coutumier de la part des services de s\u00e9curit\u00e9 de Kiev et la seule raison qui pousse encore dans les R\u00e9publiques du Donbass certains volontaires a vouloir conserver l\u2019anonymat de leur engagement.<\/p>\n<p>Ces adolescents, d\u00e8s le d\u00e9but de leurs interrogatoires, en expliquant le chantage et les menaces exerc\u00e9s sur eux et leurs familles, ont reconnu avoir commis entre mai et juin 2016 plusieurs attentats \u00e0 l\u2019explosif contre des installations militaires, des administrations et des v\u00e9hicules civils et militaires, comme par exemple une voiture du Minist\u00e8re de l\u2019int\u00e9rieur ou un v\u00e9hicule blind\u00e9 de type MTLB.<\/p>\n<p>Aujourd\u2019hui, l\u2019enqu\u00eate se poursuit pour d\u00e9finir le degr\u00e9 de responsabilit\u00e9 et d\u2019implication de chacun dans l\u2019organisation et l\u2019ex\u00e9cution des attentats. Mais les autorit\u00e9s de la R\u00e9publique de Donetsk ont d\u00e9j\u00e0 alert\u00e9 les instances internationales de ces m\u00e9thodes criminelles de chantage et de menaces exerc\u00e9es par les services secrets ukrainiens dans le but de forcer des mineurs \u00e0 commettre des attentats terroristes.<\/p>\n<p>La Commissaire aux Droits de l\u2019Homme de la R\u00e9publique de Donetsk, Daria Morozova,\u00a0 a d\u00e9clar\u00e9\u00a0\u00e0 ce sujet\u00a0: \u00ab\u00a0Une fois encore, nous voyons que la partie ukrainienne viole le droit international en utilisant des m\u00e9thodes et moyens de guerre ill\u00e9gaux\u00a0: l\u2019engagement et l\u2019enr\u00f4lement d\u2019enfants dans des activit\u00e9s criminelles et subversives.\u00a0Nous allons soulever cette question aupr\u00e8s du sous-groupe humanitaire lors de la prochaine r\u00e9union \u00e0 Minsk\u00a0\u00bb (le 21 septembre).<\/p>\n<p><strong><span style=\"text-decoration: underline;\">Une fusion entre r\u00e9gime totalitaire et organisation terroriste<\/span><\/strong><\/p>\n<p><img loading=\"lazy\" decoding=\"async\" class=\"alignnone wp-image-4603\" src=\"https:\/\/rusreinfo.ru\/fr\/wp-content\/uploads\/4.jpg\" alt=\"4\" width=\"600\" height=\"400\" srcset=\"https:\/\/rusreinfo.ru\/fr\/wp-content\/uploads\/4.jpg 900w, https:\/\/rusreinfo.ru\/fr\/wp-content\/uploads\/4-300x200.jpg 300w, https:\/\/rusreinfo.ru\/fr\/wp-content\/uploads\/4-768x512.jpg 768w\" sizes=\"auto, (max-width: 600px) 100vw, 600px\" \/> <img loading=\"lazy\" decoding=\"async\" class=\"alignnone size-full wp-image-4605\" src=\"https:\/\/rusreinfo.ru\/fr\/wp-content\/uploads\/5.jpg\" alt=\"5\" width=\"600\" height=\"415\" srcset=\"https:\/\/rusreinfo.ru\/fr\/wp-content\/uploads\/5.jpg 600w, https:\/\/rusreinfo.ru\/fr\/wp-content\/uploads\/5-300x208.jpg 300w\" sizes=\"auto, (max-width: 600px) 100vw, 600px\" \/><em>Camp d\u2019\u00e9t\u00e9 du bataillon Azov o\u00f9 des jeunes (\u00e0 partir de 7 ans) re\u00e7oivent une formation id\u00e9ologique et militaire: Conditionnement \u00e0 la guerre d\u2019enfants et d\u2019adolescents par des paramilitaires n\u00e9o-nazis ukrainiens.<br \/>\n<\/em><\/p>\n<p>Cette affaire est symptomatique de la radicalisation progressive du r\u00e9gime de Kiev en Etat terroriste\u00a0:<\/p>\n<p>On connaissait d\u00e9j\u00e0 le formatage id\u00e9ologique organis\u00e9 par les radicaux des bataillons sp\u00e9ciaux excroissance ouvertement n\u00e9o-nazie d\u2019un r\u00e9gime totalitaire militariste, qui embrigadent une jeunesse manipul\u00e9e par une propagande russophobe hyst\u00e9rique. R\u00e9guli\u00e8rement des camps d\u2019entrainement accueillent des adolescents mais aussi des enfants pour leur apprendre le maniement des armes et les conditionner psychologiquement \u00e0 une guerre contre la Russie.<\/p>\n<p>Nous voyons donc que cette politique de conditionnement mental et physique est d\u00e9sormais mise en \u0153uvre dans le Donbass par les services de s\u00e9curit\u00e9 ukrainiens qui exer\u00e7aient d\u00e9j\u00e0 une r\u00e9pression et une surveillance mena\u00e7ante sur les familles s\u00e9par\u00e9es par la ligne front.\u00a0 Aujourd\u2019hui les \u00ab\u00a0ukrops\u00a0\u00bb\u00a0 dont le front militaire est enlis\u00e9 n\u2019h\u00e9sitent pas \u00e0 recruter des mineurs (et qui plus est sous le chantage et la menace) pour des actes de guerre et de terrorisme, quand\u00a0 le Code p\u00e9nal ukrainien lui-m\u00eame la participation des mineurs \u00e0 un conflit est passible d\u2019un emprisonnement de 3 \u00e0 7 ans.<\/p>\n<p>Alors que depuis les r\u00e9cents conflits en Afrique (Lib\u00e9ria, Rwanda etc\u2026), de nombreux textes internationaux (droit international humanitaire, droit des enfants ou droits de l\u2019homme) interdisent formellement l\u2019enr\u00f4lement des mineurs dans la guerre, le r\u00e9gime de Kiev a d\u00e9cid\u00e9 de les engager dans des actes criminels relevant du terrorisme\u00a0et cela, sous le regard complice des pays occidentaux qui soutiennent d\u00e9j\u00e0 en Syrie de telles pratiques de la part des djihadistes qu\u2019ils \u00e9quipent et financent \u00e9galement\u2026<\/p>\n<p>Les autorit\u00e9s des R\u00e9publiques de Donetsk et Lugansk, et leurs populations quant \u00e0 elles, redoublent de vigilance devant cette nouvelle menace d\u2019un ennemi de plus en plus criminel et l\u00e2che\u2026<\/p>\n<p><a style=\"color: #000000;\" href=\"https:\/\/rusreinfo.ru\/fr\/nos-correspondants-erwan-castel\/\" target=\"_blank\"><span style=\"text-decoration: underline;\">Erwan Castel<\/span><\/a><br \/>\nVolontaire fran\u00e7ais dans la R\u00e9publique Populaire de Donetsk<\/p>\n<p>Autres videos actuellement disponibles concernant l&rsquo;arrestation des \u00ab\u00a0enfants terroristes\u00a0\u00bb:<br \/>\nyoutu.be\/SpYgOT7lS5o<br \/>\nyoutu.be\/xpTtgIbiItE<br \/>\nyoutu.be\/l7pNGGuvYMQ<br \/>\nyoutu.be\/WHgr1SZTWD4<br \/>\nyoutu.be\/xvuGWxRc16k<\/p>\n","protected":false},"excerpt":{"rendered":"<div class=\"mh-excerpt\">Rappel\u00a0: Suite au coup d\u2019Etat du Ma\u00efdan en f\u00e9vrier 2014, un r\u00e9gime totalitaire ouvertement russophobe est arriv\u00e9 au pouvoir \u00e0 Kiev, provoquant le retour par r\u00e9f\u00e9rendum de la Crim\u00e9e au <a class=\"mh-excerpt-more\" href=\"https:\/\/rusreinfo.ru\/fr\/2016\/09\/la-derive-terroriste-du-regime-de-kiev\/\" title=\"La d\u00e9rive terroriste du r\u00e9gime de Kiev (Erwan Castel)\">[Suite &#8230;]<\/a><\/div>\n","protected":false},"author":1,"featured_media":4594,"comment_status":"open","ping_status":"open","sticky":false,"template":"","format":"standard","meta":{"iawp_total_views":0,"footnotes":""},"categories":[2],"tags":[],"class_list":{"0":"post-4593","1":"post","2":"type-post","3":"status-publish","4":"format-standard","5":"has-post-thumbnail","7":"category-editeur"},"_links":{"self":[{"href":"https:\/\/rusreinfo.ru\/fr\/wp-json\/wp\/v2\/posts\/4593","targetHints":{"allow":["GET"]}}],"collection":[{"href":"https:\/\/rusreinfo.ru\/fr\/wp-json\/wp\/v2\/posts"}],"about":[{"href":"https:\/\/rusreinfo.ru\/fr\/wp-json\/wp\/v2\/types\/post"}],"author":[{"embeddable":true,"href":"https:\/\/rusreinfo.ru\/fr\/wp-json\/wp\/v2\/users\/1"}],"replies":[{"embeddable":true,"href":"https:\/\/rusreinfo.ru\/fr\/wp-json\/wp\/v2\/comments?post=4593"}],"version-history":[{"count":0,"href":"https:\/\/rusreinfo.ru\/fr\/wp-json\/wp\/v2\/posts\/4593\/revisions"}],"wp:featuredmedia":[{"embeddable":true,"href":"https:\/\/rusreinfo.ru\/fr\/wp-json\/wp\/v2\/media\/4594"}],"wp:attachment":[{"href":"https:\/\/rusreinfo.ru\/fr\/wp-json\/wp\/v2\/media?parent=4593"}],"wp:term":[{"taxonomy":"category","embeddable":true,"href":"https:\/\/rusreinfo.ru\/fr\/wp-json\/wp\/v2\/categories?post=4593"},{"taxonomy":"post_tag","embeddable":true,"href":"https:\/\/rusreinfo.ru\/fr\/wp-json\/wp\/v2\/tags?post=4593"}],"curies":[{"name":"wp","href":"https:\/\/api.w.org\/{rel}","templated":true}]}}