{"id":38233,"date":"2024-05-02T21:10:04","date_gmt":"2024-05-02T18:10:04","guid":{"rendered":"https:\/\/rusreinfo.ru\/fr\/?p=38233"},"modified":"2024-05-02T21:55:52","modified_gmt":"2024-05-02T18:55:52","slug":"macron-mene-la-france-a-son-aneantissement","status":"publish","type":"post","link":"https:\/\/rusreinfo.ru\/fr\/2024\/05\/macron-mene-la-france-a-son-aneantissement\/","title":{"rendered":"Macron m\u00e8ne la France \u00e0 son an\u00e9antissement"},"content":{"rendered":"<p><img loading=\"lazy\" decoding=\"async\" class=\"alignnone size-full wp-image-38164\" src=\"https:\/\/rusreinfo.ru\/fr\/wp-content\/uploads\/2024\/02\/macron-nuke-2.jpg\" alt=\"\" width=\"1344\" height=\"768\" srcset=\"https:\/\/rusreinfo.ru\/fr\/wp-content\/uploads\/2024\/02\/macron-nuke-2.jpg?v=1708801870 1344w, https:\/\/rusreinfo.ru\/fr\/wp-content\/uploads\/2024\/02\/macron-nuke-2-300x171.jpg?v=1708801870 300w, https:\/\/rusreinfo.ru\/fr\/wp-content\/uploads\/2024\/02\/macron-nuke-2-1024x585.jpg?v=1708801870 1024w, https:\/\/rusreinfo.ru\/fr\/wp-content\/uploads\/2024\/02\/macron-nuke-2-768x439.jpg?v=1708801870 768w\" sizes=\"auto, (max-width: 1344px) 100vw, 1344px\" \/><\/p>\n<p>Macron aujourd\u2019hui r\u00e9it\u00e8re sa volont\u00e9 de mener la France \u00e0 son an\u00e9antissement puisqu\u2019il r\u00e9p\u00e8te,\u00a0<a href=\"https:\/\/www.economist.com\/europe\/2024\/05\/02\/emmanuel-macron-in-his-own-words-french\" target=\"_blank\" rel=\"noopener\">dans une interview \u00e0 L\u201deconomist <\/a>\u00a0\u201cne pas exclure un d\u00e9ploiement de troupes au sol \u00ab si les Russes devaient aller percer les lignes de front \u00bb.<\/p>\n<p>Ce malade doit \u00eatre le seul \u00e0 ignorer que\u00a0<strong>nous avons d\u00e9j\u00e0 perc\u00e9 les lignes de front ukrainiennes<\/strong>, tout le monde le sait et c\u2019est d\u2019ailleurs la raison qui a fait d\u00e9bloquer en urgence un paquet de 65 milliards de dollars en mat\u00e9riel pour l\u2019Ukraine.<\/p>\n<p>De plus il ment une fois de plus puisque nous savons aussi que\u00a0<strong>des unit\u00e9s de la L\u00e9gion Etrang\u00e8re fran\u00e7aise sont d\u00e9j\u00e0 \u00e0 Odessa<\/strong>, ville russe sous occupation temporaire de l\u2019Ukraine.<\/p>\n<p>J\u2019avoue en avoir marre de me r\u00e9p\u00e9ter:<\/p>\n<p>Que font les fran\u00e7ais?<\/p>\n<p>Ne se rendent-ils pas compte que Macron entraine leur pays dans l\u2019an\u00e9antissement complet? Car il est parfaitement clair que Macron dont <strong>le cas rel\u00e8ve aujourd\u2019hui de la psychiatrie ou de l\u2019ex\u00e9cuteur<\/strong>, quand il verra les unit\u00e9s fran\u00e7aises d\u00e9cim\u00e9es, ne reprendra pas raison et menacera d\u2019utiliser des armes nucl\u00e9aires contre la Russie.<\/p>\n<p><strong>A ce moment il ne faudra que 6 minutes \u00e0 nos missiles pour an\u00e9antir la France.<\/strong><\/p>\n<p><strong>Fran\u00e7ais, votre destin est entre vos mains: Il ne vous reste que peu de temps pour vous lever et liquider Macron.<\/strong><\/p>\n<p><span style=\"text-decoration: underline;\"><em>Boris Guenadevitch Karpov<\/em><br \/>\n<\/span><a href=\"https:\/\/boriskarpov.tvs24.ru\">https:\/\/boriskarpov.tvs24.ru<\/a><\/p>\n","protected":false},"excerpt":{"rendered":"<div class=\"mh-excerpt\">Macron aujourd\u2019hui r\u00e9it\u00e8re sa volont\u00e9 de mener la France \u00e0 son an\u00e9antissement puisqu\u2019il r\u00e9p\u00e8te,\u00a0dans une interview \u00e0 L\u201deconomist \u00a0\u201cne pas exclure un d\u00e9ploiement de troupes au sol \u00ab si les <a class=\"mh-excerpt-more\" href=\"https:\/\/rusreinfo.ru\/fr\/2024\/05\/macron-mene-la-france-a-son-aneantissement\/\" title=\"Macron m\u00e8ne la France \u00e0 son an\u00e9antissement\">[Suite &#8230;]<\/a><\/div>\n","protected":false},"author":1,"featured_media":38164,"comment_status":"open","ping_status":"open","sticky":false,"template":"","format":"standard","meta":{"iawp_total_views":315,"footnotes":""},"categories":[2,3,156],"tags":[],"class_list":{"0":"post-38233","1":"post","2":"type-post","3":"status-publish","4":"format-standard","5":"has-post-thumbnail","7":"category-editeur","8":"category-intervenants-exterieurs","9":"category-la-france-en-ukraine"},"_links":{"self":[{"href":"https:\/\/rusreinfo.ru\/fr\/wp-json\/wp\/v2\/posts\/38233","targetHints":{"allow":["GET"]}}],"collection":[{"href":"https:\/\/rusreinfo.ru\/fr\/wp-json\/wp\/v2\/posts"}],"about":[{"href":"https:\/\/rusreinfo.ru\/fr\/wp-json\/wp\/v2\/types\/post"}],"author":[{"embeddable":true,"href":"https:\/\/rusreinfo.ru\/fr\/wp-json\/wp\/v2\/users\/1"}],"replies":[{"embeddable":true,"href":"https:\/\/rusreinfo.ru\/fr\/wp-json\/wp\/v2\/comments?post=38233"}],"version-history":[{"count":0,"href":"https:\/\/rusreinfo.ru\/fr\/wp-json\/wp\/v2\/posts\/38233\/revisions"}],"wp:featuredmedia":[{"embeddable":true,"href":"https:\/\/rusreinfo.ru\/fr\/wp-json\/wp\/v2\/media\/38164"}],"wp:attachment":[{"href":"https:\/\/rusreinfo.ru\/fr\/wp-json\/wp\/v2\/media?parent=38233"}],"wp:term":[{"taxonomy":"category","embeddable":true,"href":"https:\/\/rusreinfo.ru\/fr\/wp-json\/wp\/v2\/categories?post=38233"},{"taxonomy":"post_tag","embeddable":true,"href":"https:\/\/rusreinfo.ru\/fr\/wp-json\/wp\/v2\/tags?post=38233"}],"curies":[{"name":"wp","href":"https:\/\/api.w.org\/{rel}","templated":true}]}}