{"id":38149,"date":"2024-02-15T07:27:08","date_gmt":"2024-02-15T04:27:08","guid":{"rendered":"https:\/\/rusreinfo.ru\/fr\/?p=38149"},"modified":"2024-03-13T22:31:36","modified_gmt":"2024-03-13T19:31:36","slug":"francois-asselineau-la-france-doit-quitter-lue-et-lotan-et-renouer-un-partenariat-de-confiance-avec-la-russie","status":"publish","type":"post","link":"https:\/\/rusreinfo.ru\/fr\/2024\/02\/francois-asselineau-la-france-doit-quitter-lue-et-lotan-et-renouer-un-partenariat-de-confiance-avec-la-russie\/","title":{"rendered":"Francois Asselineau: La France doit quitter l&rsquo;UE et l&rsquo;OTAN et renouer un partenariat de confiance avec la Russie"},"content":{"rendered":"<p><img loading=\"lazy\" decoding=\"async\" class=\"alignnone size-full wp-image-38150\" src=\"https:\/\/rusreinfo.ru\/fr\/wp-content\/uploads\/2024\/02\/Asselineau-RUFR-01.jpg\" alt=\"\" width=\"1030\" height=\"580\" srcset=\"https:\/\/rusreinfo.ru\/fr\/wp-content\/uploads\/2024\/02\/Asselineau-RUFR-01.jpg?v=1707901198 1030w, https:\/\/rusreinfo.ru\/fr\/wp-content\/uploads\/2024\/02\/Asselineau-RUFR-01-300x169.jpg?v=1707901198 300w, https:\/\/rusreinfo.ru\/fr\/wp-content\/uploads\/2024\/02\/Asselineau-RUFR-01-1024x577.jpg?v=1707901198 1024w, https:\/\/rusreinfo.ru\/fr\/wp-content\/uploads\/2024\/02\/Asselineau-RUFR-01-768x432.jpg?v=1707901198 768w, https:\/\/rusreinfo.ru\/fr\/wp-content\/uploads\/2024\/02\/Asselineau-RUFR-01-678x381.jpg?v=1707901198 678w\" sizes=\"auto, (max-width: 1030px) 100vw, 1030px\" \/><\/p>\n<p><strong>\u00ab\u00a0Entretien exclusif pour RusReinfo.ru avec Fran\u00e7ois Asselineau, par notre correspondant en France Val\u00e9rie B\u00e9renger\u00a0\u00bb<\/strong><\/p>\n<p><em>Haut fonctionnaire et homme politique fran\u00e7ais, candidat \u00e0 l&rsquo;\u00e9lection pr\u00e9sidentielle fran\u00e7aise de 2017, cela fait bient\u00f4t 17 ans que Fran\u00e7ois Asselineau tient le m\u00eame cap \u00e0 la t\u00eate de L&rsquo;Union Populaire R\u00e9publicaine. L&rsquo;objectif du parti qu&rsquo;il a cr\u00e9\u00e9 \u00e9tant de \u00ab rendre a\u0300 la France son ind\u00e9pendance et aux Fran\u00e7ais leur d\u00e9mocratie, en faisant sortir unilat\u00e9ralement la France de l&rsquo;Union Europ\u00e9enne, de l&rsquo;euro et de l&rsquo;OTAN \u00bb. <\/em><br \/>\n<em>Reprenant inlassablement des arguments d&rsquo;une implacable logique et indiscutables, Fran\u00e7ois Asselineau est ostracis\u00e9 par les m\u00e9dias officiels fran\u00e7ais. Pourquoi ? Parce que lorsque vous allez \u00e0 l&rsquo;encontre de la bien-pensance et que vous avez le malheur de dire des v\u00e9rit\u00e9s qui d\u00e9rangent, vous g\u00eanez !<\/em><\/p>\n<blockquote><p><em>On a vendu aux peuples l&rsquo;Europe de la paix, des nations, du plein-emploi&#8230; et en fin de compte nous nous retrouvons avec une dictature men\u00e9e par des oligarques non-\u00e9lus. Comment en est-on arriv\u00e9 l\u00e0 ?<\/em><\/p><\/blockquote>\n<p>La question qu&rsquo;il faudrait se poser c&rsquo;est : qui est \u00ab on \u00bb ?<\/p>\n<p>Apr\u00e8s la Seconde Guerre mondiale, les \u00c9tats-Unis d&rsquo;Am\u00e9rique ont repris \u00e0 leur compte une utopie qui remonte \u00e0 l&rsquo;Antiquit\u00e9 romaine et qui a travers\u00e9 si\u00e8cles et mill\u00e9naires : le r\u00eave d&rsquo;unifier tous les peuples d&rsquo;Europe sous une m\u00eame autorit\u00e9.<\/p>\n<p>Washington a compris qu&rsquo;inciter un nombre sans cesse croissant d&rsquo;\u00c9tats europ\u00e9ens, aux int\u00e9r\u00eats divergents, \u00e0 vouloir fusionner dans une structure f\u00e9d\u00e9rale unique conduirait ces \u00c9tats dans des blocages sans fin. Blocages qui ne pourraient \u00eatre surmont\u00e9s qu&rsquo;en se pla\u00e7ant sous la tutelle d&rsquo;un \u00ab f\u00e9d\u00e9rateur ext\u00e9rieur qui ne serait pas europ\u00e9en \u00bb (c&rsquo;est-\u00e0-dire les \u00c9tats-Unis), pour reprendre l&rsquo;euph\u00e9misme m\u00eame de Charles de Gaulle dans sa conf\u00e9rence de presse du 15 mai 1962.<\/p>\n<p>Il s&rsquo;agissait en fait de mettre en \u0153uvre les accords des Conf\u00e9rences de T\u00e9h\u00e9ran (1943), Yalta (1944) et Postdam (1945) o\u00f9 les USA et l&rsquo;URSS s&rsquo;\u00e9taient partag\u00e9 l&rsquo;Europe en deux zones d&rsquo;influence antagonistes.<\/p>\n<p>Pour obtenir leur alignement sur Moscou, Staline pouvait mener des coups de force dans les pays d&rsquo;Europe de l&rsquo;est car ceux-ci n&rsquo;avaient pas une grande tradition d\u00e9mocratique.<br \/>\nMais imposer la domination am\u00e9ricaine dans les pays d&rsquo;Europe de l&rsquo;Ouest, qui avaient, eux, une vraie tradition d\u00e9mocratique, \u00e9tait une autre paire de manches. C&rsquo;est pourquoi les Am\u00e9ricains ont proc\u00e9d\u00e9 de fa\u00e7on plus dissimul\u00e9e, en sugg\u00e9rant l&rsquo;id\u00e9e d&rsquo;une \u00ab union douani\u00e8re \u00bb -inspir\u00e9e du Zollverein bismarckien- d&rsquo;o\u00f9 \u00e9mergerait une union politique. C&rsquo;est le principe de base de tout projet de colonisation.<\/p>\n<p>Washington a mont\u00e9 ce projet gr\u00e2ce \u00e0 des \u00ab p\u00e8res porteurs \u00bb comme Jean Monnet et Robert Schumann, qui ont vendu aux Fran\u00e7ais et aux Allemands une belle histoire, alors que la d\u00e9claration Schumann fut prosa\u00efquement r\u00e9dig\u00e9e dans les services de Dean Acheson, le Secr\u00e9taire d&rsquo;\u00c9tat am\u00e9ricain de l&rsquo;\u00e9poque.<br \/>\nLes Am\u00e9ricains ont ainsi lanc\u00e9 une proc\u00e9dure d&rsquo;unification europ\u00e9enne par \u00ab proxy \u00bb, comme s&rsquo;il s&rsquo;agissait d&rsquo;une initiative fran\u00e7aise, puis franco-allemande, alors qu&rsquo;ils en \u00e9taient les v\u00e9ritables instigateurs.<\/p>\n<p>Lorsque l&rsquo;on sait tout \u00e7a, on comprend que la pr\u00e9tendue \u00ab construction europ\u00e9enne \u00bb est une supercherie : sa vraie signification est \u00ab colonisation am\u00e9ricaine \u00bb.<\/p>\n<p>Plus cette \u00ab construction \u00bb s&rsquo;\u00e9largit \u00e0 de nouveaux \u00c9tats-membres et plus cette Europe pr\u00e9tendument \u00ab unie \u00bb s&rsquo;\u00e9puise dans des probl\u00e8mes sans fin qui ne peuvent \u00eatre surmont\u00e9s que par un alignement de plus en plus complet sur Washington. \u00c0 6 c&rsquo;\u00e9tait d\u00e9j\u00e0 compliqu\u00e9. Aujourd&rsquo;hui, avec 27 pays et 24 langues officielles, le pi\u00e8ge de la soumission compl\u00e8te aux \u00c9tats-Unis s&rsquo;est referm\u00e9.<\/p>\n<p>Les traditions anthropologiques, religieuses, patriarcales, industrielles, agricoles, historiques, syndicales, civilisationnelles, etc., sont tellement divergentes que l&rsquo;\u00e9difice ne peut fonctionner cahin-caha que sous une autorit\u00e9 de plus en plus indiff\u00e9rente aux volont\u00e9s des peuples. Et donc de plus en plus dictatoriale. D&rsquo;o\u00f9 la prise de pouvoir par les fonctionnaires non \u00e9lus de la Commission Europ\u00e9enne, qui imposent leur dystopie au service de la g\u00e9opolitique am\u00e9ricaine.<\/p>\n<p>Si cette dictature europ\u00e9enne a pu s&rsquo;imposer d\u00e9cennie apr\u00e8s d\u00e9cennie, c&rsquo;est parce que la classe politique fran\u00e7aise est extr\u00eamement m\u00e9diocre depuis 40 ans. Nos dirigeants politiques n&rsquo;ont en vue que leur petite ambition personnelle et se plient \u00e0 tous les diktats mentaux, impos\u00e9s par les m\u00e9dias poss\u00e9d\u00e9s par des oligarques euro-atlantistes.<\/p>\n<p>La France a ainsi succomb\u00e9 \u00e0 ce que de Gaulle d\u00e9non\u00e7ait comme \u00e9tant \u00ab l&rsquo;esprit d&rsquo;abandon \u00bb. De concessions en abandons, nos dirigeants successifs, droite et gauche confondues, ont pris pour habitude de ne plus d\u00e9fendre les int\u00e9r\u00eats nationaux et de laisser prolif\u00e9rer, comme une tumeur maligne, une \u00ab Europe \u00bb de plus en plus liberticide, inefficace, d\u00e9sesp\u00e9rante et totalitaire qui produit ses m\u00e9faits sous nos yeux. La pr\u00e9tendue \u00ab construction europ\u00e9enne \u00bb n&rsquo;est pas seulement une \u00ab colonisation am\u00e9ricaine \u00bb mais aussi une \u00ab destruction \u00bb de la France et des \u00c9tats-nations europ\u00e9ens.<\/p>\n<blockquote><p><em>L\u2019UE alloue des fonds aux pays candidats \u00e0 l\u2019int\u00e9gration\u2026 Combien l&rsquo;Ukraine va-t-elle recevoir si elle est accept\u00e9e en tant que candidate \u00e0 l&rsquo;UE ?<\/em><\/p><\/blockquote>\n<p>Un cabinet d&rsquo;analyse et de prospective britannique a r\u00e9cemment \u00e9valu\u00e9 \u00e0 156 milliards d&rsquo;euros le montant des investissements \u00e0 r\u00e9aliser par l&rsquo;Union europ\u00e9enne pour reconstruire l&rsquo;Ukraine, et cela rien qu&rsquo;au cours des 10 premi\u00e8res ann\u00e9es.<\/p>\n<p>Comme les contribuables fran\u00e7ais paient environ 18 % du budget de l&rsquo;UE (sans qu&rsquo;ils en soient d\u00fbment inform\u00e9s d&rsquo;ailleurs), cela signifie qu&rsquo;ils seront ponctionn\u00e9s de 28 milliards d&rsquo;euros pour reb\u00e2tir l&rsquo;Ukraine au cours des 10 prochaines ann\u00e9es, soit donc quelque 2,8 milliards\/an. Encore ne s&rsquo;agit-il que d&rsquo;une \u00e9valuation basse qui se r\u00e9v\u00e9lera certainement tr\u00e8s inf\u00e9rieure \u00e0 la r\u00e9alit\u00e9.<\/p>\n<p>Ce sont des sommes astronomiques, et d&rsquo;autant plus choquantes que la France est un pays ruin\u00e9, que nos services publics se d\u00e9gradent faute d&rsquo;entretien et que le gouvernement peine \u00e0 rassembler 180 millions d&rsquo;euros pour tenter de calmer l&rsquo;immense col\u00e8re des agriculteurs !<\/p>\n<p>Ajoutons qu&rsquo;au-del\u00e0 de la reconstruction s&rsquo;ajoutent, -comme pour tous les autres pays reconnus \u00ab candidats \u00e0 l&rsquo;entr\u00e9e dans l&rsquo;UE- les \u00ab fonds de mise \u00e0 niveau \u00bb.<\/p>\n<p>Ces fonds sont th\u00e9oriquement destin\u00e9s \u00e0 soutenir la transformation du pays en \u00c9tat de droit et \u00c9tat reprenant ce que l&rsquo;on appelle \u00ab l&rsquo;acquis communautaire \u00bb : promesses de lutte contre la corruption end\u00e9mique (toujours inefficace), promotion des pr\u00e9tendues \u00ab valeurs europ\u00e9ennes \u00bb (woke culture, LGBT, aide aux migrants, soutien aux opposants en Russie, Chine, Iran, etc), le tout via des ONG ayant g\u00e9n\u00e9ralement partie li\u00e9e avec les fonds de George Soros ou ceux des services de renseignements am\u00e9ricains.<\/p>\n<blockquote><p><em>En quoi pour vous l&rsquo;Union Europ\u00e9enne, l&rsquo;euro et l&rsquo;OTAN sont-ils dangereux ?<\/em><\/p><\/blockquote>\n<p>Parce que ce sont des entit\u00e9s fond\u00e9es sur une id\u00e9ologie chim\u00e9rique et qu&rsquo;elles portent en elles le vol de notre souverainet\u00e9, notre mise sous tutelle \u00e9trang\u00e8re, et donc la fin de la d\u00e9mocratie.<\/p>\n<p>Au bout du processus, c&rsquo;est l&rsquo;av\u00e8nement d&rsquo;une soci\u00e9t\u00e9 dictatoriale et totalitaire. Pr\u00e9tendant conna\u00eetre l&rsquo;avenir, refusant toute remise en cause de ses dogmes, la \u00ab construction europ\u00e9enne \u00bb ne peut \u00e9voluer que vers la tyrannie, selon un sch\u00e9ma qui ressemble \u00e0 s&rsquo;y m\u00e9prendre \u00e0 ce que fut l&rsquo;\u00e9volution de la \u00ab construction du socialisme \u00bb dans toutes les zones du monde o\u00f9 elle s&rsquo;implanta.<\/p>\n<p>Ajoutons que l&rsquo;euro nous entra\u00eene \u00e0 la ruine collective : il suffit de voir l&rsquo;explosion de notre dette publique depuis trente ans, comme dans tous les pays du sud de l&rsquo;Europe. Car l&rsquo;euro, dont le taux de change face au dollar prend en compte ce que serait le taux de change du deutsche Mark, est une monnaie structurellement sur\u00e9valu\u00e9e pour tous ces pays qui n&rsquo;ont ni le m\u00eame tissu \u00e9conomique ni la m\u00eame productivit\u00e9 que l&rsquo;Allemagne.<\/p>\n<p>Quant \u00e0 l&rsquo;Otan, si nous laissons faire les Docteurs Folamour qui la dirigent, elle nous conduit tout droit \u00e0 la guerre. Et ce pour le plus grand b\u00e9n\u00e9fice du complexe militaro-industriel am\u00e9ricain, voire europ\u00e9en.<\/p>\n<p>Notez bien que l&rsquo;article 42 du Trait\u00e9 de l&rsquo;Union Europ\u00e9enne (TUE) subordonne la Politique \u00c9trang\u00e8re, de S\u00e9curit\u00e9 et de D\u00e9fense (PESD) de l&rsquo;Union europ\u00e9enne aux engagements pris vis-\u00e0-vis de l&rsquo;OTAN par tous les \u00c9tats qui font partie des deux organisations UE et OTAN.<\/p>\n<p>On voit tr\u00e8s bien le danger immense qui d\u00e9coule de tout \u00e7a puisque l&rsquo;article 5 du Trait\u00e9 de l&rsquo;OTAN fait obligation \u00e0 tous ses membres d&rsquo;\u00eatre militairement solidaires de l&rsquo;un des leurs qui serait attaqu\u00e9 par une puissance \u00e9trang\u00e8re.<\/p>\n<p>Imaginez si l&rsquo;Ukraine arrivait un jour \u00e0 \u00eatre membre de l&rsquo;OTAN ou de l&rsquo;UE : la France se retrouverait dans l&rsquo;obligation d&rsquo;\u00eatre solidaire du gouvernement ultra-corrompu et aux affinit\u00e9s n\u00e9o-nazies de Kiev, et potentiellement en choc frontal avec la Russie ! Que l&rsquo;on soit ou non sorti du commandement militaire int\u00e9gr\u00e9, d&rsquo;ailleurs.<\/p>\n<p>D&rsquo;o\u00f9 l&rsquo;urgence de nous sortir de l&rsquo;OTAN, cette esp\u00e8ce de police mondiale \u00e0 la solde des \u00c9tats-Unis, qui n&rsquo;est ni plus ni moins qu&rsquo;une force d&rsquo;intervention n\u00e9ocoloniale, principalement au service d&rsquo;int\u00e9r\u00eats priv\u00e9s.<\/p>\n<blockquote><p><em>Si vous \u00e9tiez au pouvoir, vous sortiriez de l&rsquo;UE ? de l&rsquo;Otan ? Mais comment s&rsquo;en lib\u00e9rer ?<\/em><\/p><\/blockquote>\n<p>La sortie de l&rsquo;UE, de l&rsquo;euro et de l&rsquo;Otan, constituent le c\u0153ur m\u00eame du programme et des statuts de notre parti. C&rsquo;est notre raison d&rsquo;\u00eatre. C&rsquo;est un engagement solennel que nous avons pris devant les Fran\u00e7ais et tous nos \u00e9lecteurs, et que nous poursuivons sans faillir depuis maintenant 17 ans.<\/p>\n<p>Notez bien que la sc\u00e8ne politique fran\u00e7aise est encombr\u00e9e de partis-leurres qui rivalisent de formules pi\u00e9geuses pour plaire \u00e0 tout le monde mais qui ne contiennent aucun engagement s\u00e9rieux.<\/p>\n<p>Innombrables sont les partis, par exemple, qui promettent aux \u00e9lecteurs de \u00ab changer d&rsquo;Europe \u00bb.<br \/>\nIls annoncent, qui une \u00ab Europe plus sociale \u00bb, qui une \u00ab Europe plus d\u00e9mocratique \u00bb, qui une \u00ab Europe plus \u00e9cologique \u00bb, qui une \u00ab Europe des nations \u00bb, qui une \u00ab sortie de la Commission Europ\u00e9enne \u00bb [ce qui ne veut rien dire concr\u00e8tement], etc.<\/p>\n<p>Mais aucun de ces partis ne pr\u00e9cise jamais<\/p>\n<p>&#8211; que leurs belles promesses, annonc\u00e9es avec des tr\u00e9molos dans des discours enflamm\u00e9s, ne se concr\u00e9tiseront jamais puisque modifier les trait\u00e9s europ\u00e9ens requiert l&rsquo;accord unanime sur une nouvelle version, \u00e0 la virgule pr\u00e8s, de 54 institutions (27 gouvernements et 27 parlements) !<\/p>\n<p>&#8211; et qu&rsquo;en attendant l&rsquo;av\u00e8nement impossible de cette nouvelle Europe fantasm\u00e9e, le parti propose concr\u00e8tement de rester dans l&rsquo;Union europ\u00e9enne bien r\u00e9elle qui nous d\u00e9truit mois apr\u00e8s mois&#8230;<\/p>\n<p>L&rsquo;UPR d\u00e9nonce et rejette ces entourloupes politiciennes depuis le premier jour. C&rsquo;est sans doute pour cela que les m\u00e9dias du syst\u00e8me nous opposent une censure absolue tandis qu&rsquo;ils ouvrent leurs antennes \u00e0 des \u00ab souverainistes \u00bb, charg\u00e9s de duper les \u00e9lecteurs et d&rsquo;entretenir le flou sur ce sujet capital qui n\u00e9cessite au contraire la plus grande clart\u00e9.<\/p>\n<p>Donc, si je suis \u00e9lu ce sera bien s\u00fbr pour appliquer notre programme clair et net : sortie de l&rsquo;UE, sortie de l&rsquo;euro et sortie de l&rsquo;OTAN.<\/p>\n<p>Nous proc\u00e9derons \u00e0 ces sorties conform\u00e9ment au droit international.<\/p>\n<p>La sortie de l&rsquo;UE est r\u00e9gie par l&rsquo;article 50 du Trait\u00e9 de l&rsquo;Union Europ\u00e9enne (TUE) : un \u00c9tat qui souhaite sortir de l&rsquo;Union europ\u00e9enne doit le faire \u00ab conform\u00e9ment \u00e0 ses r\u00e8gles constitutionnelles \u00bb et doit en informer solennellement les 26 autres \u00c9tats de sa d\u00e9cision.<\/p>\n<p>S&rsquo;ensuit alors une p\u00e9riode de deux ans pour n\u00e9gocier un accord de sortie. Si on parvient \u00e0 un accord dans ce d\u00e9lai, ce dernier est appliqu\u00e9. Sinon, soit l&rsquo;\u00c9tat sort de plein droit sans accord, soit les 27 \u00c9tats conviennent de proroger la dur\u00e9e des n\u00e9gociations. C&rsquo;est exactement ce qui s&rsquo;est pass\u00e9 avec le Royaume-Uni lors du Brexit.<\/p>\n<p>Pour la sortie de l&rsquo;Otan, c&rsquo;est encore plus simple. Elle est r\u00e9gie par l&rsquo;article 13 du Trait\u00e9 de l&rsquo;Atlantique Nord du 4 avril 1949. Il suffit d&rsquo;en informer le gouvernement des \u00c9tats-Unis d&rsquo;Am\u00e9rique et la sortie effective intervient un an apr\u00e8s jour pour jour.<\/p>\n<blockquote><p><em>Macron a embo\u00eet\u00e9 le pas \u00e0 Washington pour soutenir l&rsquo;Ukraine dans une guerre qui ne nous concerne pas. Que pensez-vous des annonces qui laissent entendre que la France est en guerre contre la Russie ?<\/em><\/p><\/blockquote>\n<p>C&rsquo;est en effet tr\u00e8s dangereux car il a pris des positions qui pourraient nous entrainer vers une guerre mondiale.<\/p>\n<p>J&rsquo;ai r\u00e9clam\u00e9 \u00e0 corp et \u00e0 cri l&rsquo;application de l&rsquo;article 35 de notre Constitution qui pose qu&rsquo;en cas d&rsquo;engagement militaire \u00e0 l&rsquo;\u00e9tranger, le gouvernement a l&rsquo;obligation de demander l&rsquo;autorisation des d\u00e9put\u00e9s pour poursuivre cet engagement au-del\u00e0 de 4 moi.<\/p>\n<p>Cela fait donc belle lurette qu&rsquo;il aurait d\u00fb y avoir un d\u00e9bat et un vote pour que les repr\u00e9sentants du peuple fran\u00e7ais autorisent ou pas la France \u00e0 poursuivre les livraisons d&rsquo;armes et de millions d&rsquo;euros au r\u00e9gime de Zelensky.<\/p>\n<p>J&rsquo;ajoute qu&rsquo;un tel d\u00e9bat et un tel vote devraient d&rsquo;ailleurs revenir ensuite r\u00e9guli\u00e8rement, au moins une fois tous les 6 mois, pour \u00eatre fid\u00e8le \u00e0 l&rsquo;esprit m\u00eame de la d\u00e9mocratie.<\/p>\n<p>Contrairement \u00e0 ce qu&rsquo;ass\u00e8ne la propagande occidentale, je pense que les Fran\u00e7ais et les peuples d&rsquo;Europe devraient plut\u00f4t se f\u00e9liciter d&rsquo;avoir Vladimir Poutine comme interlocuteur. Car il y a de nombreuses personnalit\u00e9s politiques russes qui seraient moins r\u00e9fl\u00e9chies et qui auraient pu se lancer dans une escalade bien plus dangereuse encore contre l&rsquo;OTAN.<\/p>\n<blockquote><p><em>Si vous \u00e9tiez au pouvoir, que feriez-vous avec l&rsquo;Ukraine ? Vous continueriez \u00e0 leur fournir des armes et de l&rsquo;argent ?<\/em><\/p><\/blockquote>\n<p>SI j&rsquo;arrivais au pouvoir, j&rsquo;arr\u00eaterais imm\u00e9diatement toute fourniture d&rsquo;argent et de mat\u00e9riel militaire \u00e0 l&rsquo;Ukraine.<\/p>\n<p>Nous n&rsquo;avons pas \u00e0 nous positionner, aux ordres des \u00c9tats-Unis, comme co-bellig\u00e9rant.<\/p>\n<p>Dans l&rsquo;id\u00e9al, il serait de la nature et de la tradition de la France de tenter de mener une mission de bons offices. Mais Macron et ses deux pr\u00e9d\u00e9cesseurs ont trop d\u00e9grad\u00e9 l&rsquo;image et l&rsquo;ind\u00e9pendance de la France pour qu&rsquo;une telle m\u00e9diation soit r\u00e9aliste actuellement. Nous sommes trop infond\u00e9s au camp am\u00e9ricain.<\/p>\n<p>J&rsquo;esp\u00e8re qu&rsquo;un jour viendra o\u00f9 l\u00e0 France, ayant quitt\u00e9 l&rsquo;UE, l&rsquo;euro et l&rsquo;OTAN, pourra recouvrer son image glorieuse de puissance d&rsquo;\u00e9quilibre, de pays de la justice, et de porte-parole de la libert\u00e9 des peuples.<\/p>\n<blockquote><p><em>Grant Shapps, ministre de la D\u00e9fense britannique, Ulf Kristersson Premier ministre su\u00e9dois, Boris Pistorius, ministre de la D\u00e9fense allemand, ne cessent de faire des d\u00e9clarations belliqueuses comme quoi la Russie voudrait envahir l&rsquo;Europe. Pensez-vous que Vladimir Poutine envisage vraiment d&rsquo;attaquer l&rsquo;Europe apr\u00e8s l&rsquo;Ukraine ?<\/em><\/p><\/blockquote>\n<p>Selon Pistorius, \u00ab l&rsquo;Europe doit \u00eatre pr\u00eate \u00e0 la guerre d&rsquo;ici la fin de la d\u00e9cennie \u00bb &#8211; donc dans 6 ans &#8211; car \u00ab les menaces [de Poutine] envers les \u00c9tats baltes, la G\u00e9orgie et la Moldavie doivent \u00eatre prises tr\u00e8s au s\u00e9rieux \u00bb.<\/p>\n<p>Cette rh\u00e9torique est typique de l&rsquo;inversion accusatoire. Car si je regarde une carte, j&rsquo;observe que cela fait un tiers de si\u00e8cle, depuis l&rsquo;effondrement de l&rsquo;URSS en 1991, que l&rsquo;OTAN ne cesse de progresser vers l&rsquo;est et de grignoter peu \u00e0 peu tout le \u00ab glacis g\u00e9opolitique \u00bb de protection de la Russie.<\/p>\n<p>Il en est de m\u00eame si l&rsquo;on examine l&#8217;emplacement des bases militaires am\u00e9ricaines \u00e0 travers le monde.<\/p>\n<p>Les m\u00e9dias euro-atlantistes ont mis dans la t\u00eate de beaucoup de Fran\u00e7ais et de peuples d&rsquo;Europe que Vladimir Poutine voulait annexer toute l&rsquo;Europe, comme un nouvel Hitler. Les faits prouvent que c&rsquo;est le contraire qui se produit.<\/p>\n<p>Je pense que le Pr\u00e9sident russe souhaite prot\u00e9ger les populations russes de Crim\u00e9e et du Donbass, qui ont fait l&rsquo;objet de discriminations constantes de la part de Kiev depuis des ann\u00e9es.<\/p>\n<p>Et je pense qu&rsquo;il souhaite que le reste de l&rsquo;Ukraine adopte une posture internationale et militaire de non-alignement. Il ne veut pas que l&rsquo;Ukraine entre dans l&rsquo;OTAN pour ne pas avoir les forces de l&rsquo;OTAN le long de la fronti\u00e8re russe. De m\u00eame que tout pr\u00e9sident am\u00e9ricain refuserait de voir s&rsquo;installer des bases militaires russes surpuissantes au Mexique, le long de la fronti\u00e8re du Rio Grande.<\/p>\n<p>Enfin, je pense que le Pr\u00e9sident russe est un homme intelligent qui sait que la Russie n&rsquo;aurait que des d\u00e9sastres \u00e0 attendre si elle voulait d\u00e9border de son cadre humain naturel. Il sait parfaitement que la Russie s&#8217;embourberait au milieu de populations hostiles si elle pr\u00e9tendait vouloir conqu\u00e9rir le nord-ouest de l&rsquo;Ukraine, la Pologne ou que sais-je.<\/p>\n<p>Poutine est trop intelligent pour commettre la m\u00eame erreur que l&rsquo;enlisement am\u00e9ricain au Vietnam ou l&rsquo;enlisement sovi\u00e9tique en Afghanistan.<\/p>\n<blockquote><p><em>Vous \u00eates au pouvoir&#8230; quel genre de relations entretiendriez-vous avec la Russie ?<\/em><\/p><\/blockquote>\n<p>Laissez-moi trois mois, et je vous garantis que je changerais compl\u00e8tement l&rsquo;image et l&rsquo;audience de la France dans le monde, en m&rsquo;inspirant de la politique de redressement politique et militaire, de souverainet\u00e9 et d&rsquo;ind\u00e9pendance nationale men\u00e9e par Charles de Gaulle de 1962 \u00e0 1969.<\/p>\n<p>S&rsquo;agissant de la Russie, je commencerais par me rendre \u00e0 Moscou rencontrer Vladimir Poutine pour lui exposer la r\u00e9volution pacifique de lib\u00e9ration nationale entam\u00e9e en France.<\/p>\n<p>J&rsquo;annulerais l&rsquo;ensemble des sanctions contre la Russie, qui n&rsquo;ont eu pour effet que de d\u00e9truire les \u00e9conomies allemande et fran\u00e7aise pour le plus grand profit des \u00c9tats-Unis d&rsquo;ailleurs ! Car ces derniers ach\u00e8tent par ailleurs du gaz \u00e0 la Russie, sans vergogne, dans notre dos, tout \u00e7a pour ruiner nos pays et assurer leur h\u00e9g\u00e9monie sur l&rsquo;UE.<\/p>\n<p>Je ren\u00e9gocierais les contrats sur les fournitures de gaz et de p\u00e9trole, de fa\u00e7on \u00e0 faire b\u00e9n\u00e9ficier les Fran\u00e7ais de tarifs beaucoup plus avantageux.<\/p>\n<p>Je ferais en sorte que les entreprises fran\u00e7aises qui ont d\u00fb quitter la Russie, contraintes et forc\u00e9es pour la plupart, puissent revenir.<\/p>\n<p>Je renouerais un partenariat avec la Russie, avec une relance de nos \u00e9changes commerciaux, scientifiques et culturels, de l&rsquo;apprentissage de nos langues respectives. Je ferais en sorte que beaucoup plus de jeunes Fran\u00e7ais aillent d\u00e9couvrir la Russie et la grandeur de sa civilisation, bien diff\u00e9rentes des clich\u00e9s d\u00e9testables v\u00e9hicul\u00e9s par nos m\u00e9dias.<\/p>\n<blockquote><p><em>Vous \u00eates au pouvoir&#8230; quelle est votre politique en Afrique, en consid\u00e9rant que la Russie a fait mettre les Fran\u00e7ais dehors et s&rsquo;y installe confortablement ?<\/em><\/p><\/blockquote>\n<p>Le mieux serait de s\u2019entendre d\u00e9j\u00e0 avec la Russie sur le partage de nos pr\u00e9sences respectives en Afrique.<\/p>\n<p>Surtout il faudrait un peu d\u2019humilit\u00e9 vis-\u00e0-vis des pays africains. Il serait bon de r\u00e9habiliter aux yeux du monde la fonction de Pr\u00e9sident et de Premier ministre et une certaine cr\u00e9dibilit\u00e9. Normalement, le premier ministre gouverne et se ramasse l\u2019impopularit\u00e9, et le Pr\u00e9sident de la R\u00e9publique doit repr\u00e9senter une sorte d\u2019institution supr\u00eame en charge des int\u00e9r\u00eats du pays sur le long terme. Actuellement nous avons l\u2019inverse. Nous sommes dirig\u00e9s par des nullit\u00e9s dans tous les domaines.<br \/>\nPour redorer notre blason il nous faudrait un vrai programme de r\u00e9armement en reconstituant des forces dignes de ce nom.<\/p>\n<p>Macron est consid\u00e9r\u00e9 dans le monde entier comme un zouave, une esp\u00e8ce de \u00ab danseur mondain \u00bb. Les pays africains respectent la constance, l\u2019intelligence, la ma\u00eetrise de soi, la d\u00e9fense de ses propres int\u00e9r\u00eats. Il ne faut pas oublier que dans ces pays-l\u00e0 on salue la comp\u00e9tence et l\u2019exp\u00e9rience de l\u2019\u00e2ge qui vous rend sage. Actuellement les grands de ce monde se sont Vladimir Poutine qui doit avoir 71 ans, Xi Jinping qui a 70 ans, Narendra Modi qui doit avoir 73 ans, Lulla da Silva qui a 78 ans, Donald Trump qui a 77 ans, etc. Dans un cas vous avez des gens chevronn\u00e9s, exp\u00e9riment\u00e9s avec des nerfs d\u2019acier, face \u00e0 qui on pr\u00e9sente des \u00ab gamins \u00bb, des \u00ab petits gommeux \u00bb qui viennent leur faire la morale. Soyons s\u00e9rieux. Le manque de dignit\u00e9 de Macron que l\u2019on retrouve ivre en bo\u00eete de nuit au Nigeria est extr\u00eamement n\u00e9gatif pour l\u2019image de la France, notamment en Afrique et au Moyen-Orient.<\/p>\n<p>D\u2019abord, je ne nommerais pas comme ministre des Affaires \u00e9trang\u00e8res quelqu\u2019un qui ne sait pas parler fran\u00e7ais.<\/p>\n<p>Surtout il faut arr\u00eater avec la France-Afrique, il faut arr\u00eater de consid\u00e9rer ces pays-l\u00e0 comme des moins que rien. Nous aiderons les pays qui le souhaitent \u00e0 sortir du Franc CFA et je proposerais, dans la mesure o\u00f9 le Parlement europ\u00e9en n\u2019existera plus, d\u2019installer les quelques 160 Etats membres de l\u2019Unesco de Paris \u00e0 Strasbourg o\u00f9 ils b\u00e9n\u00e9ficieraient de locaux bien plus vastes. Je proposerais par ailleurs de transformer l\u2019Unesco en un conseil des Etats de la francophonie ce qui s\u2019accompagnerait de la transformation du si\u00e8ge permanent de la France, en un si\u00e8ge permanent de la France et des Etats francophones. Nous pourrions ainsi nous faire le porte-parole des pays de la francophonie dans le monde sur des graves sujets tels que le conflit Isra\u00e9lo-palestinien.<\/p>\n<blockquote><p><em>Igor Skurlatov, docteur en sciences politiques, et chef du mouvement russe \u00ab Troisi\u00e8me Force \u00bb a fait une analyse dans <a href=\"https:\/\/rusreinfo.ru\/fr\/2024\/01\/igor-skurlatov-les-relations-entre-la-russie-et-la-france\/\" target=\"_blank\" rel=\"noopener\">une interview sur ce site<\/a> o\u00f9 il affirme, en gros, que le peuple suit son leader sans se poser de question quel qu\u2019il soit. Pensez-vous qu\u2019il ait raison ?<\/em><\/p><\/blockquote>\n<p>Ce que dit Igor Skurlatov est un peu vrai. M\u00eame si c\u2019est d\u00e9sesp\u00e9rant.<\/p>\n<p>Le probl\u00e8me des peuples, du moins en France, mais je suppose qu\u2019il en est de m\u00eame pour les Russes &#8211; hormis ceux qui sont directement concern\u00e9s et qui travaillent dans l\u2019un de ces domaines \u2013 c\u2019est qu\u2019ils ne s\u2019int\u00e9ressent ni \u00e0 l\u2019Economie, ni \u00e0 la Sant\u00e9, ni \u00e0 l\u2019Industrie, ni \u00e0 la politique agricole, etc. Nombre de gens n\u2019ont m\u00eame pas une vague id\u00e9e de ce qu\u2019il faudrait faire. Aussi, ils se r\u00e9f\u00e8rent \u00e0 ce que leur disent les politiques, mais surtout les m\u00e9dias. Mais ce que je crois aussi c\u2019est qu\u2019autant les peuples ont du mal \u00e0 discerner ce qu\u2019il faut faire, autant ils savent aussi ce qu\u2019ils ne veulent pas. Ainsi, les Fran\u00e7ais de plus en plus massivement ont compris qu\u2019ils ne veulent pas de ce qu\u2019on leur propose, d\u2019o\u00f9 les mouvements sociaux qui grondent de plus en plus.<\/p>\n<p>Mais, nous voyons bien en France comment l\u2019oligarchie \u00e0 travers les m\u00e9dias a pris l\u2019habitude de manipuler l\u2019opinion \u00e0 l\u2019envi. C\u2019est ainsi qu\u2019Emmanuel Macron s\u2019est fait \u00e9lire. En quelques semaines, cet homme sorti de nulle part a b\u00e9n\u00e9fici\u00e9 de 186 couvertures nationales des principaux m\u00e9dias et 25 % du temps de parole. Face \u00e0 une telle d\u00e9ferlante manipulatrice les Fran\u00e7ais ont suivi. Le tour \u00e9tait jou\u00e9. Le manque de discernement de beaucoup de Fran\u00e7ais est atterrant.<\/p>\n<p>Je suppose que si le m\u00eame ph\u00e9nom\u00e8ne se produisait en Russie, nous aurions plus ou moins le m\u00eame r\u00e9sultat.<\/p>\n<p>N\u00e9anmoins, ce qui sauverait sans doute les Russes comparativement aux Fran\u00e7ais, c\u2019est qu\u2019ils sont profond\u00e9ment ancr\u00e9s dans des valeurs traditionnelles et un patriotisme que nous, nous avons malheureusement perdus.<\/p>\n<blockquote><p><em>Qu&rsquo;aimeriez-vous dire, tant aux Russes qu&rsquo;aux Fran\u00e7ais install\u00e9s en Russie et aux Franco-Russes qui vont vous lire ?<\/em><\/p><\/blockquote>\n<p>C&rsquo;est tr\u00e8s simple : qu&rsquo;ils v\u00e9rifient qu&rsquo;ils sont bien inscrits sur les listes \u00e9lectorales, et qu&rsquo;ils se mobilisent pour voter, aux \u00e9lections europ\u00e9ennes du 9 juin, pour la liste Asselineau-UPR-Frexit que je conduis.<\/p>\n<p>Il y a un moyen r\u00e9el de faire turbuler le syst\u00e8me, c&rsquo;est que nous r\u00e9alisions une perc\u00e9e aux \u00e9lections europ\u00e9ennes. En 2019 nous avions 29 millions de vues cumul\u00e9es sur notre cha\u00eene de t\u00e9l\u00e9vision UPR-TV sur YouTube.<br \/>\nAujourd&rsquo;hui, 5 ans apr\u00e8s, nous en comptons 94 millions et mes vid\u00e9os sont les plus vues, de tr\u00e8s loin, de tous les responsables politiques fran\u00e7ais. Nous sommes donc fond\u00e9s \u00e2 esp\u00e9rer une perc\u00e9e \u00e9lectorale ppe 9 juin, m\u00eame si la censure totale qui nous frappe sur les grands m\u00e9dias est un tr\u00e8s s\u00e9rieux handicap.<\/p>\n<p>Si nous arrivons \u00e0 avoir des d\u00e9put\u00e9s europ\u00e9ens cette ann\u00e9e, nous ne pourrons bien s\u00fbr pas changer l&rsquo;Europe, ne serait-ce que parce que la France ne disposera cette ann\u00e9e que de 81 d\u00e9put\u00e9s sur 720, soit 11,25%.<\/p>\n<p>Et nos d\u00e9put\u00e9s utiliseront au mieux leur mandat, notamment pour voter contre les d\u00e9cisions scandaleuses, par exemple les sanctions contre la Russie ou les versements de milliards \u00e0 l&rsquo;Ukraine. Si vous regardez les votes r\u00e9cents pour les 50 nouveaux milliards d&rsquo;euros vers\u00e9s \u00e0 l&rsquo;Ukraine, tous les parlementaires europ\u00e9ens fran\u00e7ais ont vot\u00e9 pour, sauf ceux du RN qui se sont l\u00e2chement abstenus ! Dans un tel vote, les d\u00e9put\u00e9s UPR auraient tous vot\u00e9 contre et \u00e7a je m&rsquo;y engage.<\/p>\n<p><em>Propos recueillis par Val\u00e9rie B\u00e9renger<br \/>\nRediffusion autoris\u00e9e en mentionnant le lien initial sur RusReinfo.ru<\/em><\/p>\n","protected":false},"excerpt":{"rendered":"<div class=\"mh-excerpt\">\u00ab\u00a0Entretien exclusif pour RusReinfo.ru avec Fran\u00e7ois Asselineau, par notre correspondant en France Val\u00e9rie B\u00e9renger\u00a0\u00bb Haut fonctionnaire et homme politique fran\u00e7ais, candidat \u00e0 l&rsquo;\u00e9lection pr\u00e9sidentielle fran\u00e7aise de 2017, cela fait bient\u00f4t <a class=\"mh-excerpt-more\" href=\"https:\/\/rusreinfo.ru\/fr\/2024\/02\/francois-asselineau-la-france-doit-quitter-lue-et-lotan-et-renouer-un-partenariat-de-confiance-avec-la-russie\/\" title=\"Francois Asselineau: La France doit quitter l&rsquo;UE et l&rsquo;OTAN et renouer un partenariat de confiance avec la Russie\">[Suite &#8230;]<\/a><\/div>\n","protected":false},"author":8,"featured_media":38150,"comment_status":"open","ping_status":"open","sticky":false,"template":"","format":"standard","meta":{"iawp_total_views":507,"footnotes":""},"categories":[2,3],"tags":[],"class_list":{"0":"post-38149","1":"post","2":"type-post","3":"status-publish","4":"format-standard","5":"has-post-thumbnail","7":"category-editeur","8":"category-intervenants-exterieurs"},"_links":{"self":[{"href":"https:\/\/rusreinfo.ru\/fr\/wp-json\/wp\/v2\/posts\/38149","targetHints":{"allow":["GET"]}}],"collection":[{"href":"https:\/\/rusreinfo.ru\/fr\/wp-json\/wp\/v2\/posts"}],"about":[{"href":"https:\/\/rusreinfo.ru\/fr\/wp-json\/wp\/v2\/types\/post"}],"author":[{"embeddable":true,"href":"https:\/\/rusreinfo.ru\/fr\/wp-json\/wp\/v2\/users\/8"}],"replies":[{"embeddable":true,"href":"https:\/\/rusreinfo.ru\/fr\/wp-json\/wp\/v2\/comments?post=38149"}],"version-history":[{"count":0,"href":"https:\/\/rusreinfo.ru\/fr\/wp-json\/wp\/v2\/posts\/38149\/revisions"}],"wp:featuredmedia":[{"embeddable":true,"href":"https:\/\/rusreinfo.ru\/fr\/wp-json\/wp\/v2\/media\/38150"}],"wp:attachment":[{"href":"https:\/\/rusreinfo.ru\/fr\/wp-json\/wp\/v2\/media?parent=38149"}],"wp:term":[{"taxonomy":"category","embeddable":true,"href":"https:\/\/rusreinfo.ru\/fr\/wp-json\/wp\/v2\/categories?post=38149"},{"taxonomy":"post_tag","embeddable":true,"href":"https:\/\/rusreinfo.ru\/fr\/wp-json\/wp\/v2\/tags?post=38149"}],"curies":[{"name":"wp","href":"https:\/\/api.w.org\/{rel}","templated":true}]}}