{"id":37203,"date":"2021-01-23T00:33:33","date_gmt":"2021-01-22T21:33:33","guid":{"rendered":"https:\/\/rusreinfo.ru\/fr\/?p=37203"},"modified":"2021-01-23T00:51:03","modified_gmt":"2021-01-22T21:51:03","slug":"vvp-sauvera-til-la-russie-dun-desastre-annonce","status":"publish","type":"post","link":"https:\/\/rusreinfo.ru\/fr\/2021\/01\/vvp-sauvera-til-la-russie-dun-desastre-annonce\/","title":{"rendered":"VVP sauvera t&rsquo;il la Russie d&rsquo;un d\u00e9sastre annonc\u00e9?"},"content":{"rendered":"<p><img loading=\"lazy\" decoding=\"async\" class=\"alignnone wp-image-37205 size-full\" src=\"https:\/\/rusreinfo.ru\/fr\/wp-content\/uploads\/2021\/01\/h_55153590-1160x779-1.jpg\" alt=\"\" width=\"1160\" height=\"779\" srcset=\"https:\/\/rusreinfo.ru\/fr\/wp-content\/uploads\/2021\/01\/h_55153590-1160x779-1.jpg?v=1611351188 1160w, https:\/\/rusreinfo.ru\/fr\/wp-content\/uploads\/2021\/01\/h_55153590-1160x779-1-300x201.jpg?v=1611351188 300w, https:\/\/rusreinfo.ru\/fr\/wp-content\/uploads\/2021\/01\/h_55153590-1160x779-1-1024x688.jpg?v=1611351188 1024w, https:\/\/rusreinfo.ru\/fr\/wp-content\/uploads\/2021\/01\/h_55153590-1160x779-1-768x516.jpg?v=1611351188 768w\" sizes=\"auto, (max-width: 1160px) 100vw, 1160px\" \/><\/p>\n<p>Le 23 janvier marquera t&rsquo;il un point de non-retour en Russie, avec le d\u00e9veloppement d&rsquo;un mouvement de rue, sinon spontan\u00e9, du moins bien organis\u00e9 et fait pour durer?<\/p>\n<p>C&rsquo;est la question que beaucoup se posent en Russie o\u00f9 Navalny, en d\u00e9tention, appelle \u00e0 des manifestations massives dans tout le pays, faisant suite \u00e0 la diffusion d&rsquo;une vid\u00e9o sur un suppos\u00e9 \u00ab\u00a0palais de Poutine\u00a0\u00bb, propri\u00e9t\u00e9 de grand luxe sur les bords de la Mer Noire. Curieusement cette affaire \u00e9tait d\u00e9j\u00e0 sortie il y a 10 ans, mais le retentissement aujourd&rsquo;hui (plus de 55 millions de vues en 3 jours!) est d\u00fb \u00e0 l&rsquo;arrestation m\u00e9diatis\u00e9e, en direct, de Navalny \u00e0 son retour d&rsquo;Allemagne. La video est faite sur la formule du p\u00e2t\u00e9 de canard: 80% de porc et 20% de canard. Des \u00e9l\u00e9ments divers mis en forme et interpr\u00e9t\u00e9s ensemble pour arriver \u00e0 la conclusion voulue par Navalny: Vladimir Poutine serait selon lui un voleur, un escroc, et un mythomane avec un palais digne d&rsquo;un Empereur&#8230; Ou d&rsquo;un Tsar.<\/p>\n<p>Ceci alors que la situation \u00e9conomique en Russie n&rsquo;est pas brillante, la mise en \u00ab\u00a0quarantaine\u00a0\u00bb de l&rsquo;\u00e9t\u00e9 dernier a laiss\u00e9 des traces qui ne s&rsquo;effaceront pas de sit\u00f4t, en particulier du c\u00f4t\u00e9 du ch\u00f4mage alors que les prix battent des records de hausse. Face \u00e0 cel\u00e0 les r\u00e9ponses du gouvernement sont bien fades et tout le monde comprend que demain sera pire qu&rsquo;hier. Vladimir Poutine, qui ne s&rsquo;occupait quasiment plus que de politique internationale depuis plusieurs ann\u00e9es, a beau revenir avec force discours et d\u00e9cr\u00eats, son taux de popularit\u00e9 est en forte baisse&#8230; Avec tout de m\u00eame pr\u00e8s de 60% de personnes lui faisant confiance&#8230; Faute d&rsquo;autre personnalit\u00e9 \u00e0 qui faire confiance!<\/p>\n<p>Dans une telle situation, il est \u00e9vident qu&rsquo;une minorit\u00e9 active peut faire beaucoup de d\u00e9gats, et les manifestations de demain sont un signe de ras-le-bol sans rien proposer d&rsquo;autre. Navalny en est bien conscient, lui qui n&rsquo;a jamais pr\u00e9sent\u00e9 ne serait-ce que le d\u00e9but d&rsquo;un programme de gouvernement. C&rsquo;est bien ici qu&rsquo;est le danger car personne n&rsquo;est capable de se poser en recours avec un projet qui tienne la route. Dans ces conditions certains peuvent se sentir d\u00e9sesp\u00e9r\u00e9s au point de vouloir tout d\u00e9truire.<\/p>\n<p>Il est \u00e0 noter une fois de plus que les pays occidentaux apportent leur \u00ab\u00a0amical\u00a0\u00bb soutien \u00e0 Navalny et aux manifestants de demain. Mais, une nouveaut\u00e9, il se pourrait que certains oligarques Russes aient d\u00e9cid\u00e9 de soutenir plus ouvertement encore Navalny et ses manifestants. Ceci est \u00e0 mettre en symbiose avec l&rsquo;offensive globale contre Vladimir Poutine (<a href=\"https:\/\/rusreinfo.ru\/fr\/2020\/12\/offensive-generale-contre-vladimir-poutine\/\" target=\"_blank\" rel=\"noopener\">notre article ici<\/a>)\u00a0 lanc\u00e9e par les globalistes et leurs relais en Russie. De plus quand on lit sur un canal Telegram \u00ab\u00a0confidentiel\u00a0\u00bb certains officiers du SVR (Service de Renseignement Ext\u00e9rieur) lancer un \u00ab\u00a0ultimatum\u00a0\u00bb \u00e0 Vladimir Poutine pour non seulement d\u00e9missionner mais aussi se constituer prisonnier \u00e0 la Cour de Justice Internationale avant le 15 f\u00e9vrier, faute de quoi ils \u00ab\u00a0agiront\u00a0\u00bb, on comprend que la situation est s\u00e9rieuse, et ces gens l\u00e0 sont tout \u00e0 fait capables de manipulation pour que demain de graves \u00e9v\u00eanements se produisent.<\/p>\n<p>Face \u00e0 cette situation le gouvernement a bien peu d&rsquo;options. La seule qui pourrait calmer la situation serait une r\u00e9forme importante assurant d&rsquo;une part une meilleure redistribution des richesses en Russie, rapidement et non pas \u00ab\u00a0dans quelques ann\u00e9es\u00a0\u00bb et d&rsquo;autre part un projet de soci\u00e9t\u00e9 radicalement diff\u00e9rent du mod\u00e8le occidental actuel. Une solution en fait totalement contraire aux objectifs des globalistes \u00e0 la manoeuvre dont les manifestants de demain seront les pigeons et les cocus. Mais si Vladimir Poutine, b\u00e9n\u00e9ficiant encore d&rsquo;un tr\u00e8s large soutien , d\u00e9cidait d&rsquo;aller dans cette voie &#8211; et donc d&rsquo;entrer ouvertement en conflit avec les globalistes et oligarques, il prendrait place dans l&rsquo;Histoire comme celui qui a sauv\u00e9 la Russie d&rsquo;un d\u00e9sastre annonc\u00e9. La Russie a les moyens humains, financiers et militaires, de tracer sa voie quelques soient les r\u00e9actions des globalistes. Faute de r\u00e9action rapide, demain ou apr\u00e8s-demain, le pire est d\u00e9j\u00e0 programm\u00e9.<\/p>\n<p><strong><span style=\"text-decoration: underline;\">Constantin Sergue\u00efevitch A.<\/span><\/strong><\/p>\n","protected":false},"excerpt":{"rendered":"<div class=\"mh-excerpt\">Le 23 janvier marquera t&rsquo;il un point de non-retour en Russie, avec le d\u00e9veloppement d&rsquo;un mouvement de rue, sinon spontan\u00e9, du moins bien organis\u00e9 et fait pour durer? C&rsquo;est la <a class=\"mh-excerpt-more\" href=\"https:\/\/rusreinfo.ru\/fr\/2021\/01\/vvp-sauvera-til-la-russie-dun-desastre-annonce\/\" title=\"VVP sauvera t&rsquo;il la Russie d&rsquo;un d\u00e9sastre annonc\u00e9?\">[Suite &#8230;]<\/a><\/div>\n","protected":false},"author":1,"featured_media":37205,"comment_status":"open","ping_status":"open","sticky":false,"template":"","format":"standard","meta":{"iawp_total_views":5,"footnotes":""},"categories":[3],"tags":[],"class_list":{"0":"post-37203","1":"post","2":"type-post","3":"status-publish","4":"format-standard","5":"has-post-thumbnail","7":"category-intervenants-exterieurs"},"_links":{"self":[{"href":"https:\/\/rusreinfo.ru\/fr\/wp-json\/wp\/v2\/posts\/37203","targetHints":{"allow":["GET"]}}],"collection":[{"href":"https:\/\/rusreinfo.ru\/fr\/wp-json\/wp\/v2\/posts"}],"about":[{"href":"https:\/\/rusreinfo.ru\/fr\/wp-json\/wp\/v2\/types\/post"}],"author":[{"embeddable":true,"href":"https:\/\/rusreinfo.ru\/fr\/wp-json\/wp\/v2\/users\/1"}],"replies":[{"embeddable":true,"href":"https:\/\/rusreinfo.ru\/fr\/wp-json\/wp\/v2\/comments?post=37203"}],"version-history":[{"count":0,"href":"https:\/\/rusreinfo.ru\/fr\/wp-json\/wp\/v2\/posts\/37203\/revisions"}],"wp:featuredmedia":[{"embeddable":true,"href":"https:\/\/rusreinfo.ru\/fr\/wp-json\/wp\/v2\/media\/37205"}],"wp:attachment":[{"href":"https:\/\/rusreinfo.ru\/fr\/wp-json\/wp\/v2\/media?parent=37203"}],"wp:term":[{"taxonomy":"category","embeddable":true,"href":"https:\/\/rusreinfo.ru\/fr\/wp-json\/wp\/v2\/categories?post=37203"},{"taxonomy":"post_tag","embeddable":true,"href":"https:\/\/rusreinfo.ru\/fr\/wp-json\/wp\/v2\/tags?post=37203"}],"curies":[{"name":"wp","href":"https:\/\/api.w.org\/{rel}","templated":true}]}}