{"id":36817,"date":"2019-06-28T12:19:41","date_gmt":"2019-06-28T09:19:41","guid":{"rendered":"https:\/\/rusreinfo.ru\/fr\/?p=36817"},"modified":"2019-06-28T12:19:41","modified_gmt":"2019-06-28T09:19:41","slug":"les-droits-de-lhomme-en-europe-et-en-russie","status":"publish","type":"post","link":"https:\/\/rusreinfo.ru\/fr\/2019\/06\/les-droits-de-lhomme-en-europe-et-en-russie\/","title":{"rendered":"Les \u00ab\u00a0droits de l&rsquo;homme\u00a0\u00bb en Europe&#8230; et en Russie"},"content":{"rendered":"<div data-contents=\"true\">\n<div class=\"\" data-block=\"true\" data-editor=\"fc0vc\" data-offset-key=\"2ua7a-0-0\">\n<div data-offset-key=\"2ua7a-0-0\"><img loading=\"lazy\" decoding=\"async\" class=\"alignnone size-full wp-image-36818\" src=\"https:\/\/rusreinfo.ru\/fr\/wp-content\/uploads\/2019\/06\/11.jpg\" alt=\"\" width=\"1024\" height=\"576\" srcset=\"https:\/\/rusreinfo.ru\/fr\/wp-content\/uploads\/2019\/06\/11.jpg 1024w, https:\/\/rusreinfo.ru\/fr\/wp-content\/uploads\/2019\/06\/11-300x169.jpg 300w, https:\/\/rusreinfo.ru\/fr\/wp-content\/uploads\/2019\/06\/11-768x432.jpg 768w, https:\/\/rusreinfo.ru\/fr\/wp-content\/uploads\/2019\/06\/11-678x381.jpg 678w\" sizes=\"auto, (max-width: 1024px) 100vw, 1024px\" \/><\/div>\n<div class=\"_1mf _1mj\" data-offset-key=\"2ua7a-0-0\"><span data-offset-key=\"2ua7a-0-0\">Alors que l&rsquo;Europe est en proie \u00e0 une v\u00e9ritable invasion , voici une int\u00e9ressante d\u00e9claration de Vladimir Poutine, aujourd&rsquo;hui au somment du G20, au sujet du \u00ab\u00a0multiculturalisme\u00a0\u00bb:<\/span><\/div>\n<\/div>\n<div class=\"\" data-block=\"true\" data-editor=\"fc0vc\" data-offset-key=\"bo45p-0-0\">\n<blockquote>\n<div class=\"_1mf _1mj\" data-offset-key=\"bo45p-0-0\"><em>\u00abCette id\u00e9e est devenue obsol\u00e8te et est en conflit avec les int\u00e9r\u00eats de l\u2019immense majorit\u00e9 de la population [\u2026] Cette id\u00e9e lib\u00e9rale pr\u00e9suppose que l&rsquo;on ne peut rien faire. Que les migrants peuvent tuer, piller, violer en toute impunit\u00e9 du fait que leurs droits sont prot\u00e9g\u00e9s\u00bb<\/em><\/div>\n<\/blockquote>\n<\/div>\n<div class=\"\" data-block=\"true\" data-editor=\"fc0vc\" data-offset-key=\"lv6m-0-0\">\n<div class=\"_1mf _1mj\" data-offset-key=\"lv6m-0-0\"><span data-offset-key=\"lv6m-0-0\">Le pr\u00e9sident Russe a notamment critiqu\u00e9 la d\u00e9cision de la chanceli\u00e8re Angela Merkel d&rsquo;ouvrir les fronti\u00e8res allemandes \u00e0 un million de r\u00e9fugi\u00e9s, estimant qu&rsquo;il s&rsquo;agissait d&rsquo;une \u00aberreur capitale\u00bb. Il a en revanche lou\u00e9 la politique am\u00e9ricaine de la fermeture des fronti\u00e8res aux migrants ill\u00e9gaux.<\/span><\/div>\n<\/div>\n<\/div>\n<div data-offset-key=\"lv6m-0-0\"><\/div>\n<div data-offset-key=\"lv6m-0-0\">Bien entendu Donald Tusk, pr\u00e9sident du conseil europ\u00e9en a r\u00e9agi vivement en soulignant qu\u2019il s\u2019agissait de <em>\u00abvaleurs essentielles et vivaces\u00bb <\/em>pour l\u2019Europe en ajoutant<em> \u00ab\u00a0Quiconque affirme que la d\u00e9mocratie progressiste est obsol\u00e8te dit par l\u00e0-m\u00eame que les libert\u00e9s sont obsol\u00e8tes, que l&rsquo;\u00c9tat de droit est obsol\u00e8te et que les droits de l&rsquo;Homme sont obsol\u00e8tes\u00a0\u00bb<\/em>L&rsquo;Europe a d\u00e9finitivement une conception des Droits de l&rsquo;Homme qui n&rsquo;est pas celle de la Russie. En s&rsquo;interdisant de sanctionner les crimes commis par les migrants envers les citoyens Nationaux, l&rsquo;Europe ne viole t&rsquo;elle pas les plus \u00e9l\u00e9mentaires Droits de l&rsquo;Homme &#8211; de ses propres citoyens &#8211; qui sont de pouvoir vivre libres en s\u00e9curit\u00e9 et en paix?<\/p>\n<p>La Russie est un havre de paix pour les migrants qui y viennent et y s\u00e9journent l\u00e9galement en respectant les citoyens Russes et leurs lois. Les autres n&rsquo;ont rien \u00e0 y faire&#8230;\u00a0 et d&rsquo;ailleurs n&rsquo;y viennent pas! La mise au point de Vladimir Poutine explique tr\u00e8s simplement pourquoi nous n&rsquo;avons pas d&rsquo;invasion migratoire comme en Europe.<\/p>\n<\/div>\n","protected":false},"excerpt":{"rendered":"<div class=\"mh-excerpt\">Alors que l&rsquo;Europe est en proie \u00e0 une v\u00e9ritable invasion , voici une int\u00e9ressante d\u00e9claration de Vladimir Poutine, aujourd&rsquo;hui au somment du G20, au sujet du \u00ab\u00a0multiculturalisme\u00a0\u00bb: \u00abCette id\u00e9e est <a class=\"mh-excerpt-more\" href=\"https:\/\/rusreinfo.ru\/fr\/2019\/06\/les-droits-de-lhomme-en-europe-et-en-russie\/\" title=\"Les \u00ab\u00a0droits de l&rsquo;homme\u00a0\u00bb en Europe&#8230; et en Russie\">[Suite &#8230;]<\/a><\/div>\n","protected":false},"author":1,"featured_media":36818,"comment_status":"open","ping_status":"open","sticky":false,"template":"","format":"standard","meta":{"iawp_total_views":3,"footnotes":""},"categories":[2],"tags":[],"class_list":{"0":"post-36817","1":"post","2":"type-post","3":"status-publish","4":"format-standard","5":"has-post-thumbnail","7":"category-editeur"},"_links":{"self":[{"href":"https:\/\/rusreinfo.ru\/fr\/wp-json\/wp\/v2\/posts\/36817","targetHints":{"allow":["GET"]}}],"collection":[{"href":"https:\/\/rusreinfo.ru\/fr\/wp-json\/wp\/v2\/posts"}],"about":[{"href":"https:\/\/rusreinfo.ru\/fr\/wp-json\/wp\/v2\/types\/post"}],"author":[{"embeddable":true,"href":"https:\/\/rusreinfo.ru\/fr\/wp-json\/wp\/v2\/users\/1"}],"replies":[{"embeddable":true,"href":"https:\/\/rusreinfo.ru\/fr\/wp-json\/wp\/v2\/comments?post=36817"}],"version-history":[{"count":0,"href":"https:\/\/rusreinfo.ru\/fr\/wp-json\/wp\/v2\/posts\/36817\/revisions"}],"wp:featuredmedia":[{"embeddable":true,"href":"https:\/\/rusreinfo.ru\/fr\/wp-json\/wp\/v2\/media\/36818"}],"wp:attachment":[{"href":"https:\/\/rusreinfo.ru\/fr\/wp-json\/wp\/v2\/media?parent=36817"}],"wp:term":[{"taxonomy":"category","embeddable":true,"href":"https:\/\/rusreinfo.ru\/fr\/wp-json\/wp\/v2\/categories?post=36817"},{"taxonomy":"post_tag","embeddable":true,"href":"https:\/\/rusreinfo.ru\/fr\/wp-json\/wp\/v2\/tags?post=36817"}],"curies":[{"name":"wp","href":"https:\/\/api.w.org\/{rel}","templated":true}]}}