{"id":1864,"date":"2015-12-27T23:21:06","date_gmt":"2015-12-27T23:21:06","guid":{"rendered":"https:\/\/jeanfouche.wordpress.com\/?p=1864"},"modified":"2016-09-01T17:05:29","modified_gmt":"2016-09-01T14:05:29","slug":"irak-les-forces-americaines-evacuent-daesh-vers-les-etats-unis","status":"publish","type":"post","link":"https:\/\/rusreinfo.ru\/fr\/2015\/12\/irak-les-forces-americaines-evacuent-daesh-vers-les-etats-unis\/","title":{"rendered":"Irak: Les forces am\u00e9ricaines \u00e9vacuent Daesh&#8230; vers les Etats-Unis?"},"content":{"rendered":"<p><strong><img loading=\"lazy\" decoding=\"async\" class=\"alignnone size-full wp-image-1920\" src=\"https:\/\/rusreinfo.ru\/fr\/wp-content\/uploads\/2015\/12\/4bhe2fb350d9daie5_620c350.jpg\" alt=\"4bhe2fb350d9daie5_620C350.jpg\" width=\"620\" height=\"350\" srcset=\"https:\/\/rusreinfo.ru\/fr\/wp-content\/uploads\/2015\/12\/4bhe2fb350d9daie5_620c350.jpg 620w, https:\/\/rusreinfo.ru\/fr\/wp-content\/uploads\/2015\/12\/4bhe2fb350d9daie5_620c350-300x169.jpg 300w\" sizes=\"auto, (max-width: 620px) 100vw, 620px\" \/><\/strong><\/p>\n<p>L&rsquo;AFP rend complaisament compte de la d\u00e9route de Daesh \u00e0 Ramadi en Irak. (<a href=\"https:\/\/fr.news.yahoo.com\/irak-larm%C3%A9e-devant-complexe-strat%C3%A9gique-tenu-lei-%C3%A0-135238796.html\" target=\"_blank\">Article<\/a>) Mais se garde bien de creuser un peu&#8230;<\/p>\n<p>On lit <em>\u00ab\u00a0Les derniers combattants du groupe Etat islamique (EI) <strong>ont quitt\u00e9<\/strong> dimanche un complexe gouvernemental strat\u00e9gique de Ramadi, offrant aux forces irakiennes leur plus importante victoire depuis l&rsquo;offensive des jihadistes en Irak il y a un an.\u00a0\u00bb<\/em><br \/>\n<em>\u00ab\u00a0Tous les combattants de Daech (acronyme arabe de l&rsquo;EI) <strong>sont partis<\/strong>. Il n&rsquo;y a pas de r\u00e9sistance\u00a0\u00bb<\/em><!--more--><\/p>\n<p>Les assassins de Daesh \u00ab\u00a0sont partis\u00a0\u00bb, ils \u00ab\u00a0ont quitt\u00e9\u00a0\u00bb Ramadi. Partis o\u00f9? Comment? L&rsquo;AFP se garde bien de creuser, et ose m\u00eame ajouter que \u00ab\u00a0les forces d&rsquo;\u00e9lite antiterroristes et l&rsquo;arm\u00e9e irakienne\u00a0\u00bb ont \u00e9t\u00e9 \u00ab\u00a0aid\u00e9es par les raids a\u00e9riens de la coalition internationale men\u00e9e par les Etats-Unis\u00a0\u00bb.<\/p>\n<p>A les entendre donc, les Etats-Unis ont permis la d\u00e9route de Daesh \u00e0 Ramadi.<\/p>\n<p>Et pourtant&#8230; Il faut s&rsquo;informer sur <a href=\"http:\/\/fr.sputniknews.com\/international\/20151227\/1020596564\/usa-daech-evacuation-irak.html\" target=\"_blank\">Sputnik<\/a>, l&rsquo;agence officielle d&rsquo;information de Russie, pour apprendre que <strong>ce sont les forces am\u00e9ricaines qui ont \u00e9vacu\u00e9, par h\u00e9licopt\u00e8re, les terroristes de Daesh vers une destination \u00ab\u00a0inconnue\u00a0\u00bb!<\/strong><\/p>\n<p>On sait donc comment les responsables de Daesh ont quitt\u00e9 Ramadi. Reste \u00e0 savoir o\u00f9 ils ont \u00e9t\u00e9 emmen\u00e9s par leurs sponsors am\u00e9ricains. Il semble que la premi\u00e8re \u00e9tape de ce sauvetage ait \u00e9t\u00e9 une base secr\u00e8te am\u00e9ricaine en Alg\u00e9rie. Ceci n&rsquo;est qu&rsquo;une \u00e9tape, et ces alli\u00e9s encombrants seront ensuite tr\u00e8s prochainement transf\u00e9r\u00e9s &#8230; aux Etats-Unis! Non pas dans une prison de haute s\u00e9curit\u00e9 ou un camp style Guantanamo, mais vers une base secr\u00e8te sur le territoire national am\u00e9ricain, \u00e9difi\u00e9e justement pour accueillir ces alli\u00e9s en toute discr\u00e9tion.<\/p>\n<p>Le but est clair: Emp\u00eacher que les chefs de Daesh ne tombent aux mains des irakiens (ou des Russes&#8230;): Convenablement interrog\u00e9s, ils ne manqueraient pas de d\u00e9voiler de tr\u00e8s int\u00e9ressants d\u00e9tails sur l&rsquo;assistance am\u00e9ricaine \u00e0 l&rsquo;Etat Islamique, que ce soit en armes, ou&#8230; Ils pourraient sans doute parler de certains \u00ab\u00a0stages de formation\u00a0\u00bb dans de discr\u00e8tes bases am\u00e9ricaines du Nebraska et du Montana&#8230;.<\/p>\n","protected":false},"excerpt":{"rendered":"<div class=\"mh-excerpt\">L&rsquo;AFP rend complaisament compte de la d\u00e9route de Daesh \u00e0 Ramadi en Irak. (Article) Mais se garde bien de creuser un peu&#8230; On lit \u00ab\u00a0Les derniers combattants du groupe Etat <a class=\"mh-excerpt-more\" href=\"https:\/\/rusreinfo.ru\/fr\/2015\/12\/irak-les-forces-americaines-evacuent-daesh-vers-les-etats-unis\/\" title=\"Irak: Les forces am\u00e9ricaines \u00e9vacuent Daesh&#8230; vers les Etats-Unis?\">[Suite &#8230;]<\/a><\/div>\n","protected":false},"author":2,"featured_media":1920,"comment_status":"open","ping_status":"open","sticky":false,"template":"","format":"standard","meta":{"iawp_total_views":1,"footnotes":""},"categories":[2],"tags":[11,44],"class_list":{"0":"post-1864","1":"post","2":"type-post","3":"status-publish","4":"format-standard","5":"has-post-thumbnail","7":"category-editeur","8":"tag-daesh","9":"tag-usa"},"_links":{"self":[{"href":"https:\/\/rusreinfo.ru\/fr\/wp-json\/wp\/v2\/posts\/1864","targetHints":{"allow":["GET"]}}],"collection":[{"href":"https:\/\/rusreinfo.ru\/fr\/wp-json\/wp\/v2\/posts"}],"about":[{"href":"https:\/\/rusreinfo.ru\/fr\/wp-json\/wp\/v2\/types\/post"}],"author":[{"embeddable":true,"href":"https:\/\/rusreinfo.ru\/fr\/wp-json\/wp\/v2\/users\/2"}],"replies":[{"embeddable":true,"href":"https:\/\/rusreinfo.ru\/fr\/wp-json\/wp\/v2\/comments?post=1864"}],"version-history":[{"count":0,"href":"https:\/\/rusreinfo.ru\/fr\/wp-json\/wp\/v2\/posts\/1864\/revisions"}],"wp:featuredmedia":[{"embeddable":true,"href":"https:\/\/rusreinfo.ru\/fr\/wp-json\/wp\/v2\/media\/1920"}],"wp:attachment":[{"href":"https:\/\/rusreinfo.ru\/fr\/wp-json\/wp\/v2\/media?parent=1864"}],"wp:term":[{"taxonomy":"category","embeddable":true,"href":"https:\/\/rusreinfo.ru\/fr\/wp-json\/wp\/v2\/categories?post=1864"},{"taxonomy":"post_tag","embeddable":true,"href":"https:\/\/rusreinfo.ru\/fr\/wp-json\/wp\/v2\/tags?post=1864"}],"curies":[{"name":"wp","href":"https:\/\/api.w.org\/{rel}","templated":true}]}}